{"id":1088,"date":"2022-09-25T14:44:28","date_gmt":"2022-09-25T17:44:28","guid":{"rendered":"https:\/\/newservicestihl.com\/wpp\/?p=1088"},"modified":"2022-09-25T14:52:02","modified_gmt":"2022-09-25T17:52:02","slug":"la-sustentabilidad-es-un-maraton","status":"publish","type":"post","link":"https:\/\/newservicestihl.com\/wpp\/es\/la-sustentabilidad-es-un-maraton\/","title":{"rendered":"LA SUSTENTABILIDAD ES UN MARAT\u00d3N"},"content":{"rendered":"\t\t<div data-elementor-type=\"wp-post\" data-elementor-id=\"1088\" class=\"elementor elementor-1088\">\n\t\t\t\t\t\t\t\t\t<section class=\"elementor-section elementor-top-section elementor-element elementor-element-60e5376 elementor-section-full_width elementor-section-height-default elementor-section-height-default\" data-id=\"60e5376\" data-element_type=\"section\">\n\t\t\t\t\t\t<div class=\"elementor-container elementor-column-gap-default\">\n\t\t\t\t\t<div class=\"elementor-column elementor-col-100 elementor-top-column elementor-element elementor-element-27da97b\" data-id=\"27da97b\" data-element_type=\"column\">\n\t\t\t<div class=\"elementor-widget-wrap elementor-element-populated\">\n\t\t\t\t\t\t\t\t<section class=\"elementor-section elementor-inner-section elementor-element elementor-element-2210d0f elementor-section-full_width elementor-section-height-default elementor-section-height-default\" data-id=\"2210d0f\" data-element_type=\"section\">\n\t\t\t\t\t\t<div class=\"elementor-container elementor-column-gap-default\">\n\t\t\t\t\t<div class=\"elementor-column elementor-col-50 elementor-inner-column elementor-element elementor-element-c2977f3\" data-id=\"c2977f3\" data-element_type=\"column\">\n\t\t\t<div class=\"elementor-widget-wrap elementor-element-populated\">\n\t\t\t\t\t\t\t\t<div class=\"elementor-element elementor-element-b9b761d elementor-widget elementor-widget-text-editor\" data-id=\"b9b761d\" data-element_type=\"widget\" data-widget_type=\"text-editor.default\">\n\t\t\t\t<div class=\"elementor-widget-container\">\n\t\t\t<style>\/*! elementor - v3.18.0 - 08-12-2023 *\/\n.elementor-widget-text-editor.elementor-drop-cap-view-stacked .elementor-drop-cap{background-color:#69727d;color:#fff}.elementor-widget-text-editor.elementor-drop-cap-view-framed .elementor-drop-cap{color:#69727d;border:3px solid;background-color:transparent}.elementor-widget-text-editor:not(.elementor-drop-cap-view-default) .elementor-drop-cap{margin-top:8px}.elementor-widget-text-editor:not(.elementor-drop-cap-view-default) .elementor-drop-cap-letter{width:1em;height:1em}.elementor-widget-text-editor .elementor-drop-cap{float:left;text-align:center;line-height:1;font-size:50px}.elementor-widget-text-editor .elementor-drop-cap-letter{display:inline-block}<\/style>\t\t\t\t<p>Dr. Michael Prochaska, miembro de la Junta Ejecutiva de Recursos Humanos y Asuntos Legales de STIHL AG, y Martin Schwarz, miembro de la Junta Ejecutiva de Fabricaci\u00f3n y Materiales de STIHL AG, hablan sobre el tema en STIHL y nos cuentan porqu\u00e9 la persistencia es esencial para lograr un cambio real.<\/p>\t\t\t\t\t\t<\/div>\n\t\t\t\t<\/div>\n\t\t\t\t<div class=\"elementor-element elementor-element-689686a elementor-widget elementor-widget-heading\" data-id=\"689686a\" data-element_type=\"widget\" data-widget_type=\"heading.default\">\n\t\t\t\t<div class=\"elementor-widget-container\">\n\t\t\t<style>\/*! elementor - v3.18.0 - 08-12-2023 *\/\n.elementor-heading-title{padding:0;margin:0;line-height:1}.elementor-widget-heading .elementor-heading-title[class*=elementor-size-]>a{color:inherit;font-size:inherit;line-height:inherit}.elementor-widget-heading .elementor-heading-title.elementor-size-small{font-size:15px}.elementor-widget-heading .elementor-heading-title.elementor-size-medium{font-size:19px}.elementor-widget-heading .elementor-heading-title.elementor-size-large{font-size:29px}.elementor-widget-heading .elementor-heading-title.elementor-size-xl{font-size:39px}.elementor-widget-heading .elementor-heading-title.elementor-size-xxl{font-size:59px}<\/style><h6 class=\"elementor-heading-title elementor-size-default\">STIHL NOMBR\u00d3 RECIENTEMENTE UN VICEPRESIDENTE DE SUSTENTABILIDAD\n(FRIEDEMANN STOCK) PARA COORDINAR TODO LO RELACIONADO AL TEMA.\n\u00bfQU\u00c9 INSPIR\u00d3 ESTA ACCI\u00d3N?<\/h6>\t\t<\/div>\n\t\t\t\t<\/div>\n\t\t\t\t<div class=\"elementor-element elementor-element-98508d1 elementor-widget elementor-widget-text-editor\" data-id=\"98508d1\" data-element_type=\"widget\" data-widget_type=\"text-editor.default\">\n\t\t\t\t<div class=\"elementor-widget-container\">\n\t\t\t\t\t\t\t<p><strong>DR. PROCHASKA.<\/strong> La naturaleza y el medio ambiente son dos cosas con las que STIHL est\u00e1 comprometida permanentemente. Ya hemos hecho mucho en STIHL para promover la sustentabilidad, pero las actividades no fueron lo suficientemente coordinadas dentro del Grupo STIHL y la Junta Ejecutiva. Por eso quer\u00edamos concluir lo pendiente y dar un rumbo estrat\u00e9gico a todo esto. Lo que tambi\u00e9n significa decidir las \u00e1reas que deseamos enfatizar y especificar actividades que ya no promoveremos ni alentaremos de ahora en adelante.<\/p><p><strong>SCHWARZ.<\/strong> Nosotros, nuestros clientes, nuestros empleados y la sociedad siempre estamos marcando est\u00e1ndares m\u00e1s altos, y con raz\u00f3n. La pandemia tambi\u00e9n nos ha mostrado la importancia de las cadenas de suministro sustentables y resilientes en todos los aspectos.<\/p>\t\t\t\t\t\t<\/div>\n\t\t\t\t<\/div>\n\t\t\t\t<div class=\"elementor-element elementor-element-1e04d88 elementor-widget elementor-widget-heading\" data-id=\"1e04d88\" data-element_type=\"widget\" data-widget_type=\"heading.default\">\n\t\t\t\t<div class=\"elementor-widget-container\">\n\t\t\t<h6 class=\"elementor-heading-title elementor-size-default\">\u00bfQU\u00c9 ESPERAN LOGRAR A TRAV\u00c9S DE LA NUEVA ESTRATEGIA DE SUSTENTABILIDAD?<\/h6>\t\t<\/div>\n\t\t\t\t<\/div>\n\t\t\t\t<div class=\"elementor-element elementor-element-ffd1596 elementor-widget elementor-widget-text-editor\" data-id=\"ffd1596\" data-element_type=\"widget\" data-widget_type=\"text-editor.default\">\n\t\t\t\t<div class=\"elementor-widget-container\">\n\t\t\t\t\t\t\t<p><strong>DR. PROCHASKA.<\/strong> Hemos definido tres \u00e1reas estrat\u00e9gicas de enfoque: ecosistemas, circularidad y cuidado. En el que nos fijamos metas ambiciosas en un per\u00edodo que va desde el momento actual a 2030. Nuestro objetivo al hacerlo es alcanzar la neutralidad clim\u00e1tica y ser m\u00e1s justos y eficientes en t\u00e9rminos de recursos. A trav\u00e9s de esto estamos enfocados en lograr un equilibrio entre tres elementos: Personas, Planeta y Rentabilidad.<\/p><p><strong> SCHWARZ.<\/strong> Continuaremos incorporando, evaluando y priorizando nuevos temas adem\u00e1s de los proyectos existentes. La estrategia de sustentabilidad es una fuente de orientaci\u00f3n y direcci\u00f3n en este sentido. De esta manera, iremos m\u00e1s all\u00e1 de simplemente mejorar nuestros productos y procesos y ayudaremos a todo STIHL a avanzar y fortalecer nuestra capacidad competitiva.<\/p>\t\t\t\t\t\t<\/div>\n\t\t\t\t<\/div>\n\t\t\t\t<div class=\"elementor-element elementor-element-0d3edd6 elementor-widget elementor-widget-heading\" data-id=\"0d3edd6\" data-element_type=\"widget\" data-widget_type=\"heading.default\">\n\t\t\t\t<div class=\"elementor-widget-container\">\n\t\t\t<h6 class=\"elementor-heading-title elementor-size-default\">\u00bfQU\u00c9 DESAF\u00cdOS VEN EN IMPLEMENTAR LA ESTRATEGIA DE LA SUSTENTABILIDAD?<\/h6>\t\t<\/div>\n\t\t\t\t<\/div>\n\t\t\t\t<div class=\"elementor-element elementor-element-f5a59d2 elementor-widget elementor-widget-text-editor\" data-id=\"f5a59d2\" data-element_type=\"widget\" data-widget_type=\"text-editor.default\">\n\t\t\t\t<div class=\"elementor-widget-container\">\n\t\t\t\t\t\t\t<p><strong>SCHWARZ.<\/strong> La sustentabilidad est\u00e1 relacionada con todos los procesos y productos, as\u00ed como con la organizaci\u00f3n como un todo. Queremos una verdadera sustentabilidad. Esto significa que desplegaremos criterios sustentables en todos los procesos de toma de decisiones. Incorporaremos aspectos de sustentabilidad a\u00fan m\u00e1s fuertes a todo lo que hacemos de ahora en adelante, ya sea en la adquisici\u00f3n de nuevos equipos, en la ampliaci\u00f3n de edificios, en la concesi\u00f3n de nuevos contratos a proveedores o en el desarrollo de nuevos productos. Hacerlo costar\u00e1 dinero, por supuesto, pero valdr\u00e1 la pena a largo plazo. Incrementar la eficiencia energ\u00e9tica, por ejemplo, inicialmente significa un gasto, pero adem\u00e1s de simplemente reducir las emisiones de carbono, tambi\u00e9n nos ayuda a ahorrar costos de energ\u00eda a largo plazo.<\/p><p><strong> DR. PROCHASKA<\/strong>. Tambi\u00e9n queremos iniciar una transformaci\u00f3n cultural dentro del Grupo y motivar a los empleados de STIHL en cuanto a sustentabilidad. Para eso, necesitamos modelos. Los miembros de la Junta Ejecutiva deben simbolizar un nuevo esp\u00edritu, al igual que todos los miembros de la alta direcci\u00f3n. La sustentabilidad es una marat\u00f3n, no una carrera de velocidad, no debemos estar satisfechos con las victorias alcanzadas. En vez de eso, tenemos que seguir aprendiendo sobre la marcha, seguir adelante y establecer nuevas metas para nosotros mismos.<\/p>\t\t\t\t\t\t<\/div>\n\t\t\t\t<\/div>\n\t\t\t\t<div class=\"elementor-element elementor-element-9eb3684 elementor-widget elementor-widget-heading\" data-id=\"9eb3684\" data-element_type=\"widget\" data-widget_type=\"heading.default\">\n\t\t\t\t<div class=\"elementor-widget-container\">\n\t\t\t<h6 class=\"elementor-heading-title elementor-size-default\">LA ESTRATEGIA SE HA DEFINIDO \u00bfCU\u00c1L ES EL PR\u00d3XIMO PASO?<\/h6>\t\t<\/div>\n\t\t\t\t<\/div>\n\t\t\t\t<div class=\"elementor-element elementor-element-d006f77 elementor-widget elementor-widget-text-editor\" data-id=\"d006f77\" data-element_type=\"widget\" data-widget_type=\"text-editor.default\">\n\t\t\t\t<div class=\"elementor-widget-container\">\n\t\t\t\t\t\t\t<p><strong>SCHWARZ.<\/strong> Continuaremos con la implementaci\u00f3n consistente y sistem\u00e1tica de nuestros proyectos actuales de neutralidad clim\u00e1tica, cadenas de suministro sustentables y protecci\u00f3n de la biodiversidad. Hasta 2023, tenemos la intenci\u00f3n de tener objetivos espec\u00edficos establecidos para las empresas internacionales de producci\u00f3n y ventas de STIHL.<\/p><p><strong>DR. PROCHASKA<\/strong>. Estamos adoptando un enfoque de implementaci\u00f3n paso a paso. Nuestra estrategia de sustentabilidad ayuda a evitar que nos quedemos atascados en el proceso. La tarea de todos es ser transparentes y comunicar nuestros objetivos de sustentabilidad tanto dentro como fuera del Grupo STIHL. STIHL es una empresa familiar que piensa en t\u00e9rminos de generaciones m\u00e1s que de trimestres, la sustentabilidad ya est\u00e1 en nuestro ADN. Esta visi\u00f3n y previsi\u00f3n son los factores que gu\u00edan nuestras acciones<\/p>\t\t\t\t\t\t<\/div>\n\t\t\t\t<\/div>\n\t\t\t\t\t<\/div>\n\t\t<\/div>\n\t\t\t\t<div class=\"elementor-column elementor-col-50 elementor-inner-column elementor-element elementor-element-c94ef45\" data-id=\"c94ef45\" data-element_type=\"column\" data-settings=\"{&quot;background_background&quot;:&quot;classic&quot;}\">\n\t\t\t<div class=\"elementor-widget-wrap elementor-element-populated\">\n\t\t\t\t\t\t\t\t<div class=\"elementor-element elementor-element-2aa4776 elementor-widget elementor-widget-image\" data-id=\"2aa4776\" data-element_type=\"widget\" data-widget_type=\"image.default\">\n\t\t\t\t<div class=\"elementor-widget-container\">\n\t\t\t<style>\/*! elementor - v3.18.0 - 08-12-2023 *\/\n.elementor-widget-image{text-align:center}.elementor-widget-image a{display:inline-block}.elementor-widget-image a img[src$=\".svg\"]{width:48px}.elementor-widget-image img{vertical-align:middle;display:inline-block}<\/style>\t\t\t\t\t\t\t\t\t\t\t\t<img fetchpriority=\"high\" decoding=\"async\" width=\"500\" height=\"400\" src=\"https:\/\/newservicestihl.com\/wpp\/wp-content\/uploads\/2022\/09\/ns65-sustentabilidade-prochaska.jpg\" class=\"attachment-full size-full wp-image-933\" alt=\"\" srcset=\"https:\/\/newservicestihl.com\/wpp\/wp-content\/uploads\/2022\/09\/ns65-sustentabilidade-prochaska.jpg 500w, https:\/\/newservicestihl.com\/wpp\/wp-content\/uploads\/2022\/09\/ns65-sustentabilidade-prochaska-300x240.jpg 300w\" sizes=\"(max-width: 500px) 100vw, 500px\" \/>\t\t\t\t\t\t\t\t\t\t\t\t\t\t\t<\/div>\n\t\t\t\t<\/div>\n\t\t\t\t<div class=\"elementor-element elementor-element-698c131 elementor-widget elementor-widget-text-editor\" data-id=\"698c131\" data-element_type=\"widget\" data-widget_type=\"text-editor.default\">\n\t\t\t\t<div class=\"elementor-widget-container\">\n\t\t\t\t\t\t\t<p>\u201cLa sustentabilidad es un marat\u00f3n, no una carrera de corta distancia. No debemos contentarnos con las victorias alcanzadas\u201d.<\/p><p><strong>Dr. Michael Prochaska, miembro de la Junta Ejecutiva de Recursos Humanos y Asuntos Legales<\/strong><\/p>\t\t\t\t\t\t<\/div>\n\t\t\t\t<\/div>\n\t\t\t\t<div class=\"elementor-element elementor-element-84a8b56 elementor-widget elementor-widget-spacer\" data-id=\"84a8b56\" data-element_type=\"widget\" data-widget_type=\"spacer.default\">\n\t\t\t\t<div class=\"elementor-widget-container\">\n\t\t\t<style>\/*! elementor - v3.18.0 - 08-12-2023 *\/\n.elementor-column .elementor-spacer-inner{height:var(--spacer-size)}.e-con{--container-widget-width:100%}.e-con-inner>.elementor-widget-spacer,.e-con>.elementor-widget-spacer{width:var(--container-widget-width,var(--spacer-size));--align-self:var(--container-widget-align-self,initial);--flex-shrink:0}.e-con-inner>.elementor-widget-spacer>.elementor-widget-container,.e-con>.elementor-widget-spacer>.elementor-widget-container{height:100%;width:100%}.e-con-inner>.elementor-widget-spacer>.elementor-widget-container>.elementor-spacer,.e-con>.elementor-widget-spacer>.elementor-widget-container>.elementor-spacer{height:100%}.e-con-inner>.elementor-widget-spacer>.elementor-widget-container>.elementor-spacer>.elementor-spacer-inner,.e-con>.elementor-widget-spacer>.elementor-widget-container>.elementor-spacer>.elementor-spacer-inner{height:var(--container-widget-height,var(--spacer-size))}.e-con-inner>.elementor-widget-spacer.elementor-widget-empty,.e-con>.elementor-widget-spacer.elementor-widget-empty{position:relative;min-height:22px;min-width:22px}.e-con-inner>.elementor-widget-spacer.elementor-widget-empty .elementor-widget-empty-icon,.e-con>.elementor-widget-spacer.elementor-widget-empty .elementor-widget-empty-icon{position:absolute;top:0;bottom:0;left:0;right:0;margin:auto;padding:0;width:22px;height:22px}<\/style>\t\t<div class=\"elementor-spacer\">\n\t\t\t<div class=\"elementor-spacer-inner\"><\/div>\n\t\t<\/div>\n\t\t\t\t<\/div>\n\t\t\t\t<\/div>\n\t\t\t\t<div class=\"elementor-element elementor-element-8f09a12 elementor-widget elementor-widget-image\" data-id=\"8f09a12\" data-element_type=\"widget\" data-widget_type=\"image.default\">\n\t\t\t\t<div class=\"elementor-widget-container\">\n\t\t\t\t\t\t\t\t\t\t\t\t\t\t\t<img decoding=\"async\" width=\"500\" height=\"400\" src=\"https:\/\/newservicestihl.com\/wpp\/wp-content\/uploads\/2022\/09\/ns65-sustentabilidade-schwarz.jpg\" class=\"attachment-full size-full wp-image-932\" alt=\"\" srcset=\"https:\/\/newservicestihl.com\/wpp\/wp-content\/uploads\/2022\/09\/ns65-sustentabilidade-schwarz.jpg 500w, https:\/\/newservicestihl.com\/wpp\/wp-content\/uploads\/2022\/09\/ns65-sustentabilidade-schwarz-300x240.jpg 300w\" sizes=\"(max-width: 500px) 100vw, 500px\" \/>\t\t\t\t\t\t\t\t\t\t\t\t\t\t\t<\/div>\n\t\t\t\t<\/div>\n\t\t\t\t<div class=\"elementor-element elementor-element-acbbb65 elementor-widget elementor-widget-text-editor\" data-id=\"acbbb65\" data-element_type=\"widget\" data-widget_type=\"text-editor.default\">\n\t\t\t\t<div class=\"elementor-widget-container\">\n\t\t\t\t\t\t\t<p>\u201cQueremos sustentabilidad verdadera. Esto significa que desplegaremos criterios sostenibles en todos los procesos de toma de decisiones\u201d.<\/p><p><strong>Mart\u00edn Schwarz, miembro de la Junta Ejecutiva de Fabricaci\u00f3n y Materiales<\/strong><\/p>\t\t\t\t\t\t<\/div>\n\t\t\t\t<\/div>\n\t\t\t\t\t<\/div>\n\t\t<\/div>\n\t\t\t\t\t\t\t<\/div>\n\t\t<\/section>\n\t\t\t\t\t<\/div>\n\t\t<\/div>\n\t\t\t\t\t\t\t<\/div>\n\t\t<\/section>\n\t\t\t\t\t\t\t<\/div>\n\t\t","protected":false},"excerpt":{"rendered":"<p>Dr. Michael Prochaska, miembro de la Junta Ejecutiva de Recursos Humanos y Asuntos Legales de STIHL AG, y Martin Schwarz, miembro de la Junta Ejecutiva de Fabricaci\u00f3n y Materiales de STIHL AG, hablan sobre el tema en STIHL y nos cuentan porqu\u00e9 la persistencia es esencial para lograr un cambio real. STIHL NOMBR\u00d3 RECIENTEMENTE UN [&hellip;]<\/p>\n","protected":false},"author":1,"featured_media":945,"comment_status":"open","ping_status":"open","sticky":false,"template":"","format":"standard","meta":{"footnotes":""},"categories":[70],"tags":[33],"class_list":["post-1088","post","type-post","status-publish","format-standard","has-post-thumbnail","hentry","category-ns65-es","tag-momento"],"_links":{"self":[{"href":"https:\/\/newservicestihl.com\/wpp\/wp-json\/wp\/v2\/posts\/1088","targetHints":{"allow":["GET"]}}],"collection":[{"href":"https:\/\/newservicestihl.com\/wpp\/wp-json\/wp\/v2\/posts"}],"about":[{"href":"https:\/\/newservicestihl.com\/wpp\/wp-json\/wp\/v2\/types\/post"}],"author":[{"embeddable":true,"href":"https:\/\/newservicestihl.com\/wpp\/wp-json\/wp\/v2\/users\/1"}],"replies":[{"embeddable":true,"href":"https:\/\/newservicestihl.com\/wpp\/wp-json\/wp\/v2\/comments?post=1088"}],"version-history":[{"count":4,"href":"https:\/\/newservicestihl.com\/wpp\/wp-json\/wp\/v2\/posts\/1088\/revisions"}],"predecessor-version":[{"id":1092,"href":"https:\/\/newservicestihl.com\/wpp\/wp-json\/wp\/v2\/posts\/1088\/revisions\/1092"}],"wp:featuredmedia":[{"embeddable":true,"href":"https:\/\/newservicestihl.com\/wpp\/wp-json\/wp\/v2\/media\/945"}],"wp:attachment":[{"href":"https:\/\/newservicestihl.com\/wpp\/wp-json\/wp\/v2\/media?parent=1088"}],"wp:term":[{"taxonomy":"category","embeddable":true,"href":"https:\/\/newservicestihl.com\/wpp\/wp-json\/wp\/v2\/categories?post=1088"},{"taxonomy":"post_tag","embeddable":true,"href":"https:\/\/newservicestihl.com\/wpp\/wp-json\/wp\/v2\/tags?post=1088"}],"curies":[{"name":"wp","href":"https:\/\/api.w.org\/{rel}","templated":true}]}}