{"id":1093,"date":"2022-09-25T15:05:42","date_gmt":"2022-09-25T18:05:42","guid":{"rendered":"https:\/\/newservicestihl.com\/wpp\/?p=1093"},"modified":"2022-09-26T18:36:43","modified_gmt":"2022-09-26T21:36:43","slug":"sustentabilidad-como-estrategia","status":"publish","type":"post","link":"https:\/\/newservicestihl.com\/wpp\/es\/sustentabilidad-como-estrategia\/","title":{"rendered":"SUSTENTABILIDAD COMO ESTRATEGIA"},"content":{"rendered":"\t\t<div data-elementor-type=\"wp-post\" data-elementor-id=\"1093\" class=\"elementor elementor-1093\">\n\t\t\t\t\t\t\t\t\t<section class=\"elementor-section elementor-top-section elementor-element elementor-element-99a9dbb elementor-section-full_width elementor-section-height-default elementor-section-height-default\" data-id=\"99a9dbb\" data-element_type=\"section\">\n\t\t\t\t\t\t<div class=\"elementor-container elementor-column-gap-default\">\n\t\t\t\t\t<div class=\"elementor-column elementor-col-100 elementor-top-column elementor-element elementor-element-f1c6b53\" data-id=\"f1c6b53\" data-element_type=\"column\">\n\t\t\t<div class=\"elementor-widget-wrap elementor-element-populated\">\n\t\t\t\t\t\t\t\t<section class=\"elementor-section elementor-inner-section elementor-element elementor-element-af91ec9 elementor-section-full_width elementor-section-height-default elementor-section-height-default\" data-id=\"af91ec9\" data-element_type=\"section\">\n\t\t\t\t\t\t<div class=\"elementor-container elementor-column-gap-default\">\n\t\t\t\t\t<div class=\"elementor-column elementor-col-33 elementor-inner-column elementor-element elementor-element-6e00f93\" data-id=\"6e00f93\" data-element_type=\"column\">\n\t\t\t<div class=\"elementor-widget-wrap elementor-element-populated\">\n\t\t\t\t\t\t\t\t<div class=\"elementor-element elementor-element-2968822 elementor-widget elementor-widget-heading\" data-id=\"2968822\" data-element_type=\"widget\" data-widget_type=\"heading.default\">\n\t\t\t\t<div class=\"elementor-widget-container\">\n\t\t\t<style>\/*! elementor - v3.18.0 - 08-12-2023 *\/\n.elementor-heading-title{padding:0;margin:0;line-height:1}.elementor-widget-heading .elementor-heading-title[class*=elementor-size-]>a{color:inherit;font-size:inherit;line-height:inherit}.elementor-widget-heading .elementor-heading-title.elementor-size-small{font-size:15px}.elementor-widget-heading .elementor-heading-title.elementor-size-medium{font-size:19px}.elementor-widget-heading .elementor-heading-title.elementor-size-large{font-size:29px}.elementor-widget-heading .elementor-heading-title.elementor-size-xl{font-size:39px}.elementor-widget-heading .elementor-heading-title.elementor-size-xxl{font-size:59px}<\/style><h6 class=\"elementor-heading-title elementor-size-default\">STIHL DECIDE FORTALECER SU ACTUAL\nCOMPROMISO DE SUSTENTABILIDAD\nY DARLE UN ENFOQUE MAS\nESTRAT\u00c9GICO.<\/h6>\t\t<\/div>\n\t\t\t\t<\/div>\n\t\t\t\t<div class=\"elementor-element elementor-element-6acbb26 elementor-widget elementor-widget-text-editor\" data-id=\"6acbb26\" data-element_type=\"widget\" data-widget_type=\"text-editor.default\">\n\t\t\t\t<div class=\"elementor-widget-container\">\n\t\t\t<style>\/*! elementor - v3.18.0 - 08-12-2023 *\/\n.elementor-widget-text-editor.elementor-drop-cap-view-stacked .elementor-drop-cap{background-color:#69727d;color:#fff}.elementor-widget-text-editor.elementor-drop-cap-view-framed .elementor-drop-cap{color:#69727d;border:3px solid;background-color:transparent}.elementor-widget-text-editor:not(.elementor-drop-cap-view-default) .elementor-drop-cap{margin-top:8px}.elementor-widget-text-editor:not(.elementor-drop-cap-view-default) .elementor-drop-cap-letter{width:1em;height:1em}.elementor-widget-text-editor .elementor-drop-cap{float:left;text-align:center;line-height:1;font-size:50px}.elementor-widget-text-editor .elementor-drop-cap-letter{display:inline-block}<\/style>\t\t\t\t<p>En los \u00faltimos a\u00f1os, problemas graves como el cambio clim\u00e1tico, la extinci\u00f3n de especies vegetales y animales, la proliferaci\u00f3n de residuos pl\u00e1sticos y la inmigraci\u00f3n han sido destacados en los diarios. Los expertos tambi\u00e9n predicen un aumento de las zoonosis, enfermedades infecciosas como el Covid-19 que se transmiten de un animal a un ser humano debido a factores tales como el manejo inadecuado e irresponsable de especies en peligro de extinci\u00f3n.<\/p><p>Como una empresa con una fuerte conexi\u00f3n con el mundo natural y cuyo modelo de negocio depende de la naturaleza, estos eventos afectan la STIHL profundamente. Es por ello que la compa\u00f1\u00eda decidi\u00f3 intensificar su actual compromiso con la sustentabilidad y darle un enfoque m\u00e1s estrat\u00e9gico.<\/p>\t\t\t\t\t\t<\/div>\n\t\t\t\t<\/div>\n\t\t\t\t\t<\/div>\n\t\t<\/div>\n\t\t\t\t<div class=\"elementor-column elementor-col-33 elementor-inner-column elementor-element elementor-element-5299032\" data-id=\"5299032\" data-element_type=\"column\">\n\t\t\t<div class=\"elementor-widget-wrap elementor-element-populated\">\n\t\t\t\t\t\t\t\t<div class=\"elementor-element elementor-element-65d1619 elementor-widget elementor-widget-image\" data-id=\"65d1619\" data-element_type=\"widget\" data-widget_type=\"image.default\">\n\t\t\t\t<div class=\"elementor-widget-container\">\n\t\t\t<style>\/*! elementor - v3.18.0 - 08-12-2023 *\/\n.elementor-widget-image{text-align:center}.elementor-widget-image a{display:inline-block}.elementor-widget-image a img[src$=\".svg\"]{width:48px}.elementor-widget-image img{vertical-align:middle;display:inline-block}<\/style>\t\t\t\t\t\t\t\t\t\t\t\t<img decoding=\"async\" width=\"24\" height=\"361\" src=\"https:\/\/newservicestihl.com\/wpp\/wp-content\/uploads\/2022\/09\/Screen-Shot-2022-09-24-at-10.07.34.png\" class=\"attachment-large size-large wp-image-951\" alt=\"\" srcset=\"https:\/\/newservicestihl.com\/wpp\/wp-content\/uploads\/2022\/09\/Screen-Shot-2022-09-24-at-10.07.34.png 24w, https:\/\/newservicestihl.com\/wpp\/wp-content\/uploads\/2022\/09\/Screen-Shot-2022-09-24-at-10.07.34-20x300.png 20w\" sizes=\"(max-width: 24px) 100vw, 24px\" \/>\t\t\t\t\t\t\t\t\t\t\t\t\t\t\t<\/div>\n\t\t\t\t<\/div>\n\t\t\t\t\t<\/div>\n\t\t<\/div>\n\t\t\t\t<div class=\"elementor-column elementor-col-33 elementor-inner-column elementor-element elementor-element-bff1113\" data-id=\"bff1113\" data-element_type=\"column\">\n\t\t\t<div class=\"elementor-widget-wrap elementor-element-populated\">\n\t\t\t\t\t\t\t\t<div class=\"elementor-element elementor-element-f0b3887 elementor-widget elementor-widget-heading\" data-id=\"f0b3887\" data-element_type=\"widget\" data-widget_type=\"heading.default\">\n\t\t\t\t<div class=\"elementor-widget-container\">\n\t\t\t<h6 class=\"elementor-heading-title elementor-size-default\">2016<\/h6>\t\t<\/div>\n\t\t\t\t<\/div>\n\t\t\t\t<div class=\"elementor-element elementor-element-465b581 elementor-widget elementor-widget-text-editor\" data-id=\"465b581\" data-element_type=\"widget\" data-widget_type=\"text-editor.default\">\n\t\t\t\t<div class=\"elementor-widget-container\">\n\t\t\t\t\t\t\t<p>Se crea la pol\u00edtica de sustentabilidad de STIHL. Actualmente, est\u00e1 siendo transformada en una estrategia de sustentabilidad que es relevante para la sociedad.<\/p>\t\t\t\t\t\t<\/div>\n\t\t\t\t<\/div>\n\t\t\t\t<div class=\"elementor-element elementor-element-0c9b527 elementor-widget elementor-widget-spacer\" data-id=\"0c9b527\" data-element_type=\"widget\" data-widget_type=\"spacer.default\">\n\t\t\t\t<div class=\"elementor-widget-container\">\n\t\t\t<style>\/*! elementor - v3.18.0 - 08-12-2023 *\/\n.elementor-column .elementor-spacer-inner{height:var(--spacer-size)}.e-con{--container-widget-width:100%}.e-con-inner>.elementor-widget-spacer,.e-con>.elementor-widget-spacer{width:var(--container-widget-width,var(--spacer-size));--align-self:var(--container-widget-align-self,initial);--flex-shrink:0}.e-con-inner>.elementor-widget-spacer>.elementor-widget-container,.e-con>.elementor-widget-spacer>.elementor-widget-container{height:100%;width:100%}.e-con-inner>.elementor-widget-spacer>.elementor-widget-container>.elementor-spacer,.e-con>.elementor-widget-spacer>.elementor-widget-container>.elementor-spacer{height:100%}.e-con-inner>.elementor-widget-spacer>.elementor-widget-container>.elementor-spacer>.elementor-spacer-inner,.e-con>.elementor-widget-spacer>.elementor-widget-container>.elementor-spacer>.elementor-spacer-inner{height:var(--container-widget-height,var(--spacer-size))}.e-con-inner>.elementor-widget-spacer.elementor-widget-empty,.e-con>.elementor-widget-spacer.elementor-widget-empty{position:relative;min-height:22px;min-width:22px}.e-con-inner>.elementor-widget-spacer.elementor-widget-empty .elementor-widget-empty-icon,.e-con>.elementor-widget-spacer.elementor-widget-empty .elementor-widget-empty-icon{position:absolute;top:0;bottom:0;left:0;right:0;margin:auto;padding:0;width:22px;height:22px}<\/style>\t\t<div class=\"elementor-spacer\">\n\t\t\t<div class=\"elementor-spacer-inner\"><\/div>\n\t\t<\/div>\n\t\t\t\t<\/div>\n\t\t\t\t<\/div>\n\t\t\t\t<div class=\"elementor-element elementor-element-a5f8d22 elementor-widget elementor-widget-heading\" data-id=\"a5f8d22\" data-element_type=\"widget\" data-widget_type=\"heading.default\">\n\t\t\t\t<div class=\"elementor-widget-container\">\n\t\t\t<h6 class=\"elementor-heading-title elementor-size-default\">2021<\/h6>\t\t<\/div>\n\t\t\t\t<\/div>\n\t\t\t\t<div class=\"elementor-element elementor-element-f5f1479 elementor-widget elementor-widget-text-editor\" data-id=\"f5f1479\" data-element_type=\"widget\" data-widget_type=\"text-editor.default\">\n\t\t\t\t<div class=\"elementor-widget-container\">\n\t\t\t\t\t\t\t<p>Se nombra un Vicepresidente de Sustentabilidad, el se\u00f1or Friedemann Stock, as\u00ed como un grupo coordinador de sustentabilidad.<\/p><p>La estrategia se desarroll\u00f3 durante un per\u00edodo de varios meses, con la participaci\u00f3n de los interesados internos y externos. En octubre de 2021, fue debatida por el Directorio Ejecutivo antes ser adoptada por el Consejo Asesor en diciembre de 2021.<\/p>\t\t\t\t\t\t<\/div>\n\t\t\t\t<\/div>\n\t\t\t\t\t<\/div>\n\t\t<\/div>\n\t\t\t\t\t\t\t<\/div>\n\t\t<\/section>\n\t\t\t\t\t<\/div>\n\t\t<\/div>\n\t\t\t\t\t\t\t<\/div>\n\t\t<\/section>\n\t\t\t\t<section class=\"elementor-section elementor-top-section elementor-element elementor-element-ad3ad03 elementor-section-full_width elementor-section-height-default elementor-section-height-default\" data-id=\"ad3ad03\" data-element_type=\"section\">\n\t\t\t\t\t\t<div class=\"elementor-container elementor-column-gap-default\">\n\t\t\t\t\t<div class=\"elementor-column elementor-col-100 elementor-top-column elementor-element elementor-element-6eb9333\" data-id=\"6eb9333\" data-element_type=\"column\">\n\t\t\t<div class=\"elementor-widget-wrap elementor-element-populated\">\n\t\t\t\t\t\t\t\t<div class=\"elementor-element elementor-element-087df77 elementor-widget elementor-widget-image\" data-id=\"087df77\" data-element_type=\"widget\" data-widget_type=\"image.default\">\n\t\t\t\t<div class=\"elementor-widget-container\">\n\t\t\t\t\t\t\t\t\t\t\t\t\t\t\t<img fetchpriority=\"high\" decoding=\"async\" width=\"1280\" height=\"600\" src=\"https:\/\/newservicestihl.com\/wpp\/wp-content\/uploads\/2022\/09\/ns65-product-grafico-fixed.jpg\" class=\"attachment-full size-full wp-image-1246\" alt=\"\" srcset=\"https:\/\/newservicestihl.com\/wpp\/wp-content\/uploads\/2022\/09\/ns65-product-grafico-fixed.jpg 1280w, https:\/\/newservicestihl.com\/wpp\/wp-content\/uploads\/2022\/09\/ns65-product-grafico-fixed-300x141.jpg 300w, https:\/\/newservicestihl.com\/wpp\/wp-content\/uploads\/2022\/09\/ns65-product-grafico-fixed-1024x480.jpg 1024w, https:\/\/newservicestihl.com\/wpp\/wp-content\/uploads\/2022\/09\/ns65-product-grafico-fixed-768x360.jpg 768w, https:\/\/newservicestihl.com\/wpp\/wp-content\/uploads\/2022\/09\/ns65-product-grafico-fixed-1200x563.jpg 1200w\" sizes=\"(max-width: 1280px) 100vw, 1280px\" \/>\t\t\t\t\t\t\t\t\t\t\t\t\t\t\t<\/div>\n\t\t\t\t<\/div>\n\t\t\t\t<div class=\"elementor-element elementor-element-a6f29ff elementor-widget elementor-widget-spacer\" data-id=\"a6f29ff\" data-element_type=\"widget\" data-widget_type=\"spacer.default\">\n\t\t\t\t<div class=\"elementor-widget-container\">\n\t\t\t\t\t<div class=\"elementor-spacer\">\n\t\t\t<div class=\"elementor-spacer-inner\"><\/div>\n\t\t<\/div>\n\t\t\t\t<\/div>\n\t\t\t\t<\/div>\n\t\t\t\t\t<\/div>\n\t\t<\/div>\n\t\t\t\t\t\t\t<\/div>\n\t\t<\/section>\n\t\t\t\t<section class=\"elementor-section elementor-top-section elementor-element elementor-element-f4a3c05 elementor-section-full_width elementor-section-height-default elementor-section-height-default\" data-id=\"f4a3c05\" data-element_type=\"section\">\n\t\t\t\t\t\t<div class=\"elementor-container elementor-column-gap-default\">\n\t\t\t\t\t<div class=\"elementor-column elementor-col-100 elementor-top-column elementor-element elementor-element-c13ee05\" data-id=\"c13ee05\" data-element_type=\"column\" data-settings=\"{&quot;background_background&quot;:&quot;classic&quot;}\">\n\t\t\t<div class=\"elementor-widget-wrap elementor-element-populated\">\n\t\t\t\t\t\t\t\t<div class=\"elementor-element elementor-element-a2ab2a0 elementor-widget elementor-widget-heading\" data-id=\"a2ab2a0\" data-element_type=\"widget\" data-widget_type=\"heading.default\">\n\t\t\t\t<div class=\"elementor-widget-container\">\n\t\t\t<h5 class=\"elementor-heading-title elementor-size-default\">PORTFOLIO DE PRODUCTOS ALINEADO CON LA ESTRATEGIA<\/h5>\t\t<\/div>\n\t\t\t\t<\/div>\n\t\t\t\t<div class=\"elementor-element elementor-element-02e6ae8 elementor-widget elementor-widget-text-editor\" data-id=\"02e6ae8\" data-element_type=\"widget\" data-widget_type=\"text-editor.default\">\n\t\t\t\t<div class=\"elementor-widget-container\">\n\t\t\t\t\t\t\t<p>La principal \u00e1rea de competencia de STIHL es el desarrollo, la fabricaci\u00f3n y la comercializaci\u00f3n de equipos port\u00e1tiles motorizados para silvicultura, agricultura, mantenimiento de paisajes, construcci\u00f3n y para consumidores particulares. Adem\u00e1s de motosierras, la marca ofrece desbrozadoras, podadoras, sopladores, pulverizadores, lavadoras, taladros, cortac\u00e9spedes, entre muchas otras soluciones. Desde 2009, se ha centrado cada vez m\u00e1s en tecnolog\u00eda de bater\u00edas para complementar su selecci\u00f3n de productos a gasolina y el\u00e9ctricos. En 2021, las herramientas a bater\u00eda representaron el 19% de las ventas totales.<\/p><p>Combustibles y lubricantes, accesorios y equipos de protecci\u00f3n personal completan el portafolio.<\/p><p>Entre las \u00faltimas innovaciones se encuentran el STIHL MS 881, el \u00fanico en su clase que cumple con los est\u00e1ndares de emisi\u00f3n actuales de la Uni\u00f3n Europea, y el STIHL MSA 300, la motosierra a bater\u00eda m\u00e1s potente del mercado actual, que ofrece menos ruido y libre de emisiones.<\/p>\t\t\t\t\t\t<\/div>\n\t\t\t\t<\/div>\n\t\t\t\t\t<\/div>\n\t\t<\/div>\n\t\t\t\t\t\t\t<\/div>\n\t\t<\/section>\n\t\t\t\t\t\t\t<\/div>\n\t\t","protected":false},"excerpt":{"rendered":"<p>STIHL DECIDE FORTALECER SU ACTUAL COMPROMISO DE SUSTENTABILIDAD Y DARLE UN ENFOQUE MAS ESTRAT\u00c9GICO. En los \u00faltimos a\u00f1os, problemas graves como el cambio clim\u00e1tico, la extinci\u00f3n de especies vegetales y animales, la proliferaci\u00f3n de residuos pl\u00e1sticos y la inmigraci\u00f3n han sido destacados en los diarios. Los expertos tambi\u00e9n predicen un aumento de las zoonosis, enfermedades [&hellip;]<\/p>\n","protected":false},"author":1,"featured_media":984,"comment_status":"open","ping_status":"open","sticky":false,"template":"","format":"standard","meta":{"footnotes":""},"categories":[70],"tags":[37],"class_list":["post-1093","post","type-post","status-publish","format-standard","has-post-thumbnail","hentry","category-ns65-es","tag-producto"],"_links":{"self":[{"href":"https:\/\/newservicestihl.com\/wpp\/wp-json\/wp\/v2\/posts\/1093","targetHints":{"allow":["GET"]}}],"collection":[{"href":"https:\/\/newservicestihl.com\/wpp\/wp-json\/wp\/v2\/posts"}],"about":[{"href":"https:\/\/newservicestihl.com\/wpp\/wp-json\/wp\/v2\/types\/post"}],"author":[{"embeddable":true,"href":"https:\/\/newservicestihl.com\/wpp\/wp-json\/wp\/v2\/users\/1"}],"replies":[{"embeddable":true,"href":"https:\/\/newservicestihl.com\/wpp\/wp-json\/wp\/v2\/comments?post=1093"}],"version-history":[{"count":19,"href":"https:\/\/newservicestihl.com\/wpp\/wp-json\/wp\/v2\/posts\/1093\/revisions"}],"predecessor-version":[{"id":1273,"href":"https:\/\/newservicestihl.com\/wpp\/wp-json\/wp\/v2\/posts\/1093\/revisions\/1273"}],"wp:featuredmedia":[{"embeddable":true,"href":"https:\/\/newservicestihl.com\/wpp\/wp-json\/wp\/v2\/media\/984"}],"wp:attachment":[{"href":"https:\/\/newservicestihl.com\/wpp\/wp-json\/wp\/v2\/media?parent=1093"}],"wp:term":[{"taxonomy":"category","embeddable":true,"href":"https:\/\/newservicestihl.com\/wpp\/wp-json\/wp\/v2\/categories?post=1093"},{"taxonomy":"post_tag","embeddable":true,"href":"https:\/\/newservicestihl.com\/wpp\/wp-json\/wp\/v2\/tags?post=1093"}],"curies":[{"name":"wp","href":"https:\/\/api.w.org\/{rel}","templated":true}]}}