{"id":1314,"date":"2022-11-16T20:26:17","date_gmt":"2022-11-16T23:26:17","guid":{"rendered":"https:\/\/newservicestihl.com\/wpp\/?p=1314"},"modified":"2022-12-11T18:28:41","modified_gmt":"2022-12-11T21:28:41","slug":"40-anos-bem-comemorados","status":"publish","type":"post","link":"https:\/\/newservicestihl.com\/wpp\/40-anos-bem-comemorados\/","title":{"rendered":"40 anos bem comemorados"},"content":{"rendered":"\t\t<div data-elementor-type=\"wp-post\" data-elementor-id=\"1314\" class=\"elementor elementor-1314\">\n\t\t\t\t\t\t\t\t\t<section class=\"elementor-section elementor-top-section elementor-element elementor-element-6e9ec79 elementor-section-full_width elementor-section-height-default elementor-section-height-default\" data-id=\"6e9ec79\" data-element_type=\"section\">\n\t\t\t\t\t\t<div class=\"elementor-container elementor-column-gap-default\">\n\t\t\t\t\t<div class=\"elementor-column elementor-col-50 elementor-top-column elementor-element elementor-element-b560b54\" data-id=\"b560b54\" data-element_type=\"column\">\n\t\t\t<div class=\"elementor-widget-wrap elementor-element-populated\">\n\t\t\t\t\t\t\t\t<div class=\"elementor-element elementor-element-2afe3a0 elementor-widget elementor-widget-heading\" data-id=\"2afe3a0\" data-element_type=\"widget\" data-widget_type=\"heading.default\">\n\t\t\t\t<div class=\"elementor-widget-container\">\n\t\t\t<style>\/*! elementor - v3.18.0 - 08-12-2023 *\/\n.elementor-heading-title{padding:0;margin:0;line-height:1}.elementor-widget-heading .elementor-heading-title[class*=elementor-size-]>a{color:inherit;font-size:inherit;line-height:inherit}.elementor-widget-heading .elementor-heading-title.elementor-size-small{font-size:15px}.elementor-widget-heading .elementor-heading-title.elementor-size-medium{font-size:19px}.elementor-widget-heading .elementor-heading-title.elementor-size-large{font-size:29px}.elementor-widget-heading .elementor-heading-title.elementor-size-xl{font-size:39px}.elementor-widget-heading .elementor-heading-title.elementor-size-xxl{font-size:59px}<\/style><h2 class=\"elementor-heading-title elementor-size-default\">CELEBRA\u00c7\u00c3O DAS QUATRO D\u00c9CADAS DE ATUA\u00c7\u00c3O\nDA STIHL NO EQUADOR INCLUI CAMPANHA DIGITAL,\nCONCURSO, DESCONTOS E UMA GRANDE FESTA.<\/h2>\t\t<\/div>\n\t\t\t\t<\/div>\n\t\t\t\t<div class=\"elementor-element elementor-element-8ceae86 elementor-widget elementor-widget-text-editor\" data-id=\"8ceae86\" data-element_type=\"widget\" data-widget_type=\"text-editor.default\">\n\t\t\t\t<div class=\"elementor-widget-container\">\n\t\t\t<style>\/*! elementor - v3.18.0 - 08-12-2023 *\/\n.elementor-widget-text-editor.elementor-drop-cap-view-stacked .elementor-drop-cap{background-color:#69727d;color:#fff}.elementor-widget-text-editor.elementor-drop-cap-view-framed .elementor-drop-cap{color:#69727d;border:3px solid;background-color:transparent}.elementor-widget-text-editor:not(.elementor-drop-cap-view-default) .elementor-drop-cap{margin-top:8px}.elementor-widget-text-editor:not(.elementor-drop-cap-view-default) .elementor-drop-cap-letter{width:1em;height:1em}.elementor-widget-text-editor .elementor-drop-cap{float:left;text-align:center;line-height:1;font-size:50px}.elementor-widget-text-editor .elementor-drop-cap-letter{display:inline-block}<\/style>\t\t\t\t<p>Este ano foi ainda mais especial para a STIHL no Equador. Para celebrar os 40 anos de atua\u00e7\u00e3o da marca no pa\u00eds, a equipe da Inmeq promoveu uma campanha ao longo de todo o ano. \u201cLan\u00e7amos na m\u00eddia digital o concurso \u2018Conte sua hist\u00f3ria STIHL\u2019, oferecemos descontos no m\u00eas do anivers\u00e1rio, condi\u00e7\u00f5es diferenciadas de cr\u00e9dito e fizemos uma grande festa com v\u00e1rios presentes personalizados para a nossa rede de distribui\u00e7\u00e3o\u201d, conta Iver Paredes, Gerente de Marketing e Vendas da INMEQ.<br \/>O evento, realizado no dia 15 de setembro, foi chamado de \u201c40 Anos STIHL no meio do mundo\u201d porque aconteceu onde fica o monumento pelo qual passa a linha equatorial. Al\u00e9m dos distribuidores, participaram autoridades nacionais e internacionais, como Paul Strohm, representando a Matriz da STIHL na Alemanha. \u201cForam v\u00e1rios anos de perseveran\u00e7a, dedica\u00e7\u00e3o e trabalho. Mantemos nosso compromisso de continuar desenvolvendo a STIHL com a mesma paix\u00e3o de sempre e sangue laranja\u201d, destaca Iver.<\/p>\t\t\t\t\t\t<\/div>\n\t\t\t\t<\/div>\n\t\t\t\t<div class=\"elementor-element elementor-element-0534c44 elementor-widget elementor-widget-image\" data-id=\"0534c44\" data-element_type=\"widget\" data-widget_type=\"image.default\">\n\t\t\t\t<div class=\"elementor-widget-container\">\n\t\t\t<style>\/*! elementor - v3.18.0 - 08-12-2023 *\/\n.elementor-widget-image{text-align:center}.elementor-widget-image a{display:inline-block}.elementor-widget-image a img[src$=\".svg\"]{width:48px}.elementor-widget-image img{vertical-align:middle;display:inline-block}<\/style>\t\t\t\t\t\t\t\t\t<figure class=\"wp-caption\">\n\t\t\t\t\t\t\t\t\t\t<img fetchpriority=\"high\" decoding=\"async\" width=\"800\" height=\"450\" src=\"https:\/\/newservicestihl.com\/wpp\/wp-content\/uploads\/2022\/11\/ns66-momentos-foto01.jpg\" class=\"attachment-full size-full wp-image-1331\" alt=\"\" srcset=\"https:\/\/newservicestihl.com\/wpp\/wp-content\/uploads\/2022\/11\/ns66-momentos-foto01.jpg 800w, https:\/\/newservicestihl.com\/wpp\/wp-content\/uploads\/2022\/11\/ns66-momentos-foto01-300x169.jpg 300w, https:\/\/newservicestihl.com\/wpp\/wp-content\/uploads\/2022\/11\/ns66-momentos-foto01-768x432.jpg 768w\" sizes=\"(max-width: 800px) 100vw, 800px\" \/>\t\t\t\t\t\t\t\t\t\t\t<figcaption class=\"widget-image-caption wp-caption-text\">Monumento onde passa a linha equatorial recebeu as cores da STIHL<\/figcaption>\n\t\t\t\t\t\t\t\t\t\t<\/figure>\n\t\t\t\t\t\t\t\t\t<\/div>\n\t\t\t\t<\/div>\n\t\t\t\t<div class=\"elementor-element elementor-element-6ccccc7 elementor-widget elementor-widget-image\" data-id=\"6ccccc7\" data-element_type=\"widget\" data-widget_type=\"image.default\">\n\t\t\t\t<div class=\"elementor-widget-container\">\n\t\t\t\t\t\t\t\t\t\t\t\t<figure class=\"wp-caption\">\n\t\t\t\t\t\t\t\t\t\t<img decoding=\"async\" width=\"800\" height=\"450\" src=\"https:\/\/newservicestihl.com\/wpp\/wp-content\/uploads\/2022\/11\/ns66-momentos-foto02.jpg\" class=\"attachment-full size-full wp-image-1332\" alt=\"\" srcset=\"https:\/\/newservicestihl.com\/wpp\/wp-content\/uploads\/2022\/11\/ns66-momentos-foto02.jpg 800w, https:\/\/newservicestihl.com\/wpp\/wp-content\/uploads\/2022\/11\/ns66-momentos-foto02-300x169.jpg 300w, https:\/\/newservicestihl.com\/wpp\/wp-content\/uploads\/2022\/11\/ns66-momentos-foto02-768x432.jpg 768w\" sizes=\"(max-width: 800px) 100vw, 800px\" \/>\t\t\t\t\t\t\t\t\t\t\t<figcaption class=\"widget-image-caption wp-caption-text\">Festa reuniu distribuidores, autoridades nacionais e internacionais<\/figcaption>\n\t\t\t\t\t\t\t\t\t\t<\/figure>\n\t\t\t\t\t\t\t\t\t<\/div>\n\t\t\t\t<\/div>\n\t\t\t\t\t<\/div>\n\t\t<\/div>\n\t\t\t\t<div class=\"elementor-column elementor-col-50 elementor-top-column elementor-element elementor-element-b1da9b4 gio-coluna-quebra\" data-id=\"b1da9b4\" data-element_type=\"column\" data-settings=\"{&quot;background_background&quot;:&quot;classic&quot;}\">\n\t\t\t<div class=\"elementor-widget-wrap elementor-element-populated\">\n\t\t\t\t\t\t\t\t<div class=\"elementor-element elementor-element-c9e1b67 elementor-widget elementor-widget-image\" data-id=\"c9e1b67\" data-element_type=\"widget\" data-widget_type=\"image.default\">\n\t\t\t\t<div class=\"elementor-widget-container\">\n\t\t\t\t\t\t\t\t\t\t\t\t\t\t\t<img decoding=\"async\" width=\"580\" height=\"580\" src=\"https:\/\/newservicestihl.com\/wpp\/wp-content\/uploads\/2022\/11\/ns66-momentos-02.jpg\" class=\"attachment-large size-large wp-image-1327\" alt=\"\" srcset=\"https:\/\/newservicestihl.com\/wpp\/wp-content\/uploads\/2022\/11\/ns66-momentos-02.jpg 800w, https:\/\/newservicestihl.com\/wpp\/wp-content\/uploads\/2022\/11\/ns66-momentos-02-300x300.jpg 300w, https:\/\/newservicestihl.com\/wpp\/wp-content\/uploads\/2022\/11\/ns66-momentos-02-150x150.jpg 150w, https:\/\/newservicestihl.com\/wpp\/wp-content\/uploads\/2022\/11\/ns66-momentos-02-768x768.jpg 768w\" sizes=\"(max-width: 580px) 100vw, 580px\" \/>\t\t\t\t\t\t\t\t\t\t\t\t\t\t\t<\/div>\n\t\t\t\t<\/div>\n\t\t\t\t<div class=\"elementor-element elementor-element-6a9fa0b elementor-widget elementor-widget-text-editor\" data-id=\"6a9fa0b\" data-element_type=\"widget\" data-widget_type=\"text-editor.default\">\n\t\t\t\t<div class=\"elementor-widget-container\">\n\t\t\t\t\t\t\t<p>\u201cForam v\u00e1rios anos de perseveran\u00e7a, dedica\u00e7\u00e3o e trabalho. Mantemos nosso compromisso de continuar desenvolvendo a STIHL com a mesma paix\u00e3o de sempre e sangue laranja.\u201d<br \/><br \/><strong>Iver Paredes, Gerente de Marketing e Vendas da INMEQ<\/strong><\/p>\t\t\t\t\t\t<\/div>\n\t\t\t\t<\/div>\n\t\t\t\t<div class=\"elementor-element elementor-element-8e3e00f elementor-widget elementor-widget-heading\" data-id=\"8e3e00f\" data-element_type=\"widget\" data-widget_type=\"heading.default\">\n\t\t\t\t<div class=\"elementor-widget-container\">\n\t\t\t<h2 class=\"elementor-heading-title elementor-size-default\">ASSISTA AO V\u00cdDEO<br>\nCOMEMORATIVO<\/h2>\t\t<\/div>\n\t\t\t\t<\/div>\n\t\t\t\t<div class=\"elementor-element elementor-element-45ed3bf elementor-widget elementor-widget-video\" data-id=\"45ed3bf\" data-element_type=\"widget\" data-settings=\"{&quot;video_type&quot;:&quot;hosted&quot;,&quot;controls&quot;:&quot;yes&quot;}\" data-widget_type=\"video.default\">\n\t\t\t\t<div class=\"elementor-widget-container\">\n\t\t\t<style>\/*! elementor - v3.18.0 - 08-12-2023 *\/\n.elementor-widget-video .elementor-widget-container{overflow:hidden;transform:translateZ(0)}.elementor-widget-video .elementor-wrapper{aspect-ratio:var(--video-aspect-ratio)}.elementor-widget-video .elementor-wrapper iframe,.elementor-widget-video .elementor-wrapper video{height:100%;width:100%;display:flex;border:none;background-color:#000}@supports not (aspect-ratio:1\/1){.elementor-widget-video .elementor-wrapper{position:relative;overflow:hidden;height:0;padding-bottom:calc(100% \/ var(--video-aspect-ratio))}.elementor-widget-video .elementor-wrapper iframe,.elementor-widget-video .elementor-wrapper video{position:absolute;top:0;right:0;bottom:0;left:0}}.elementor-widget-video .elementor-open-inline .elementor-custom-embed-image-overlay{position:absolute;top:0;right:0;bottom:0;left:0;background-size:cover;background-position:50%}.elementor-widget-video .elementor-custom-embed-image-overlay{cursor:pointer;text-align:center}.elementor-widget-video .elementor-custom-embed-image-overlay:hover .elementor-custom-embed-play i{opacity:1}.elementor-widget-video .elementor-custom-embed-image-overlay img{display:block;width:100%;aspect-ratio:var(--video-aspect-ratio);-o-object-fit:cover;object-fit:cover;-o-object-position:center center;object-position:center center}@supports not (aspect-ratio:1\/1){.elementor-widget-video .elementor-custom-embed-image-overlay{position:relative;overflow:hidden;height:0;padding-bottom:calc(100% \/ var(--video-aspect-ratio))}.elementor-widget-video .elementor-custom-embed-image-overlay img{position:absolute;top:0;right:0;bottom:0;left:0}}.elementor-widget-video .e-hosted-video .elementor-video{-o-object-fit:cover;object-fit:cover}.e-con-inner>.elementor-widget-video,.e-con>.elementor-widget-video{width:var(--container-widget-width);--flex-grow:var(--container-widget-flex-grow)}<\/style>\t\t<div class=\"e-hosted-video elementor-wrapper elementor-open-inline\">\n\t\t\t\t\t<video class=\"elementor-video\" src=\"https:\/\/newservicestihl.com\/src\/ns66-momentos.mp4\" controls=\"\" preload=\"metadata\" controlsList=\"nodownload\"><\/video>\n\t\t\t\t<\/div>\n\t\t\t\t<\/div>\n\t\t\t\t<\/div>\n\t\t\t\t\t<\/div>\n\t\t<\/div>\n\t\t\t\t\t\t\t<\/div>\n\t\t<\/section>\n\t\t\t\t<section class=\"elementor-section elementor-top-section elementor-element elementor-element-80e8c9d elementor-section-full_width elementor-section-height-default elementor-section-height-default\" data-id=\"80e8c9d\" data-element_type=\"section\" data-settings=\"{&quot;background_background&quot;:&quot;classic&quot;}\">\n\t\t\t\t\t\t<div class=\"elementor-container elementor-column-gap-default\">\n\t\t\t\t\t<div class=\"elementor-column elementor-col-50 elementor-top-column elementor-element elementor-element-6efe6fc gio-coluna\" data-id=\"6efe6fc\" data-element_type=\"column\">\n\t\t\t<div class=\"elementor-widget-wrap elementor-element-populated\">\n\t\t\t\t\t\t\t\t<div class=\"elementor-element elementor-element-8ea37ac elementor-widget elementor-widget-image\" data-id=\"8ea37ac\" data-element_type=\"widget\" data-widget_type=\"image.default\">\n\t\t\t\t<div class=\"elementor-widget-container\">\n\t\t\t\t\t\t\t\t\t\t\t\t\t\t\t<img loading=\"lazy\" decoding=\"async\" width=\"800\" height=\"450\" src=\"https:\/\/newservicestihl.com\/wpp\/wp-content\/uploads\/2022\/11\/ns66-momentos-01.jpg\" class=\"attachment-full size-full wp-image-1326\" alt=\"\" srcset=\"https:\/\/newservicestihl.com\/wpp\/wp-content\/uploads\/2022\/11\/ns66-momentos-01.jpg 800w, https:\/\/newservicestihl.com\/wpp\/wp-content\/uploads\/2022\/11\/ns66-momentos-01-300x169.jpg 300w, https:\/\/newservicestihl.com\/wpp\/wp-content\/uploads\/2022\/11\/ns66-momentos-01-768x432.jpg 768w\" sizes=\"(max-width: 800px) 100vw, 800px\" \/>\t\t\t\t\t\t\t\t\t\t\t\t\t\t\t<\/div>\n\t\t\t\t<\/div>\n\t\t\t\t\t<\/div>\n\t\t<\/div>\n\t\t\t\t<div class=\"elementor-column elementor-col-50 elementor-top-column elementor-element elementor-element-0558d1c gio-coluna\" data-id=\"0558d1c\" data-element_type=\"column\">\n\t\t\t<div class=\"elementor-widget-wrap elementor-element-populated\">\n\t\t\t\t\t\t\t\t<div class=\"elementor-element elementor-element-949b963 elementor-widget elementor-widget-heading\" data-id=\"949b963\" data-element_type=\"widget\" data-widget_type=\"heading.default\">\n\t\t\t\t<div class=\"elementor-widget-container\">\n\t\t\t<h5 class=\"elementor-heading-title elementor-size-default\">VOC\u00ca TEM ALGUMA PERGUNTA?<br>\nENTRE EM CONTATO!<\/h5>\t\t<\/div>\n\t\t\t\t<\/div>\n\t\t\t\t<section class=\"elementor-section elementor-inner-section elementor-element elementor-element-6671fde elementor-section-boxed elementor-section-height-default elementor-section-height-default\" data-id=\"6671fde\" data-element_type=\"section\">\n\t\t\t\t\t\t<div class=\"elementor-container elementor-column-gap-default\">\n\t\t\t\t\t<div class=\"elementor-column elementor-col-100 elementor-inner-column elementor-element elementor-element-9720efb\" data-id=\"9720efb\" data-element_type=\"column\">\n\t\t\t<div class=\"elementor-widget-wrap elementor-element-populated\">\n\t\t\t\t\t\t\t\t<div class=\"elementor-element elementor-element-746b1ee elementor-widget elementor-widget-text-editor\" data-id=\"746b1ee\" data-element_type=\"widget\" data-widget_type=\"text-editor.default\">\n\t\t\t\t<div class=\"elementor-widget-container\">\n\t\t\t\t\t\t\t<p>Iver Paredes\u00a0 \u00a0 \u00a0 \u00a0 \u00a0 \u00a0 \u00a0+59 3987734231\u00a0 \u00a0 \u00a0 \u00a0 \u00a0 \u00a0 \u00a0 <a href=\"mailto:iparedes@gn-suferreteria.com.ec\">iparedes@gn-suferreteria.com.ec<\/a><\/p>\t\t\t\t\t\t<\/div>\n\t\t\t\t<\/div>\n\t\t\t\t\t<\/div>\n\t\t<\/div>\n\t\t\t\t\t\t\t<\/div>\n\t\t<\/section>\n\t\t\t\t\t<\/div>\n\t\t<\/div>\n\t\t\t\t\t\t\t<\/div>\n\t\t<\/section>\n\t\t\t\t\t\t\t<\/div>\n\t\t","protected":false},"excerpt":{"rendered":"<p>CELEBRA\u00c7\u00c3O DAS QUATRO D\u00c9CADAS DE ATUA\u00c7\u00c3O DA STIHL NO EQUADOR INCLUI CAMPANHA DIGITAL, CONCURSO, DESCONTOS E UMA GRANDE FESTA. Este ano foi ainda mais especial para a STIHL no Equador. Para celebrar os 40 anos de atua\u00e7\u00e3o da marca no pa\u00eds, a equipe da Inmeq promoveu uma campanha ao longo de todo o ano. \u201cLan\u00e7amos [&hellip;]<\/p>\n","protected":false},"author":1,"featured_media":1363,"comment_status":"open","ping_status":"open","sticky":false,"template":"","format":"standard","meta":{"footnotes":""},"categories":[79],"tags":[25],"class_list":["post-1314","post","type-post","status-publish","format-standard","has-post-thumbnail","hentry","category-ns66","tag-momentos"],"_links":{"self":[{"href":"https:\/\/newservicestihl.com\/wpp\/wp-json\/wp\/v2\/posts\/1314","targetHints":{"allow":["GET"]}}],"collection":[{"href":"https:\/\/newservicestihl.com\/wpp\/wp-json\/wp\/v2\/posts"}],"about":[{"href":"https:\/\/newservicestihl.com\/wpp\/wp-json\/wp\/v2\/types\/post"}],"author":[{"embeddable":true,"href":"https:\/\/newservicestihl.com\/wpp\/wp-json\/wp\/v2\/users\/1"}],"replies":[{"embeddable":true,"href":"https:\/\/newservicestihl.com\/wpp\/wp-json\/wp\/v2\/comments?post=1314"}],"version-history":[{"count":77,"href":"https:\/\/newservicestihl.com\/wpp\/wp-json\/wp\/v2\/posts\/1314\/revisions"}],"predecessor-version":[{"id":1516,"href":"https:\/\/newservicestihl.com\/wpp\/wp-json\/wp\/v2\/posts\/1314\/revisions\/1516"}],"wp:featuredmedia":[{"embeddable":true,"href":"https:\/\/newservicestihl.com\/wpp\/wp-json\/wp\/v2\/media\/1363"}],"wp:attachment":[{"href":"https:\/\/newservicestihl.com\/wpp\/wp-json\/wp\/v2\/media?parent=1314"}],"wp:term":[{"taxonomy":"category","embeddable":true,"href":"https:\/\/newservicestihl.com\/wpp\/wp-json\/wp\/v2\/categories?post=1314"},{"taxonomy":"post_tag","embeddable":true,"href":"https:\/\/newservicestihl.com\/wpp\/wp-json\/wp\/v2\/tags?post=1314"}],"curies":[{"name":"wp","href":"https:\/\/api.w.org\/{rel}","templated":true}]}}