{"id":2721,"date":"2023-08-23T10:24:50","date_gmt":"2023-08-23T13:24:50","guid":{"rendered":"https:\/\/newservicestihl.com\/wpp\/?p=2721"},"modified":"2023-08-27T19:44:04","modified_gmt":"2023-08-27T22:44:04","slug":"oscar-stihl-2023","status":"publish","type":"post","link":"https:\/\/newservicestihl.com\/wpp\/oscar-stihl-2023\/","title":{"rendered":"Oscar STIHL 2023"},"content":{"rendered":"\t\t<div data-elementor-type=\"wp-post\" data-elementor-id=\"2721\" class=\"elementor elementor-2721\">\n\t\t\t\t\t\t\t\t\t<section class=\"elementor-section elementor-top-section elementor-element elementor-element-8fa385b elementor-section-full_width elementor-section-height-default elementor-section-height-default\" data-id=\"8fa385b\" data-element_type=\"section\">\n\t\t\t\t\t\t<div class=\"elementor-container elementor-column-gap-default\">\n\t\t\t\t\t<div class=\"elementor-column elementor-col-100 elementor-top-column elementor-element elementor-element-9b00015\" data-id=\"9b00015\" data-element_type=\"column\">\n\t\t\t<div class=\"elementor-widget-wrap elementor-element-populated\">\n\t\t\t\t\t\t\t\t<div class=\"elementor-element elementor-element-65a94bc elementor-widget elementor-widget-heading\" data-id=\"65a94bc\" data-element_type=\"widget\" data-widget_type=\"heading.default\">\n\t\t\t\t<div class=\"elementor-widget-container\">\n\t\t\t<style>\/*! elementor - v3.18.0 - 08-12-2023 *\/\n.elementor-heading-title{padding:0;margin:0;line-height:1}.elementor-widget-heading .elementor-heading-title[class*=elementor-size-]>a{color:inherit;font-size:inherit;line-height:inherit}.elementor-widget-heading .elementor-heading-title.elementor-size-small{font-size:15px}.elementor-widget-heading .elementor-heading-title.elementor-size-medium{font-size:19px}.elementor-widget-heading .elementor-heading-title.elementor-size-large{font-size:29px}.elementor-widget-heading .elementor-heading-title.elementor-size-xl{font-size:39px}.elementor-widget-heading .elementor-heading-title.elementor-size-xxl{font-size:59px}<\/style><h2 class=\"elementor-heading-title elementor-size-default\">NOVAMENTE OS IMPORTADORES E SUBSIDI\u00c1RIAS DA STIHL NA AM\u00c9RICA LATINA DERAM\nUM SHOW DE COMPET\u00caNCIA E CRIATIVIDADE, MOSTRANDO AS MELHORES PR\u00c1TICAS QUE\nDESENVOLVERAM EM CINCO CATEGORIAS DIFERENTES.<\/h2>\t\t<\/div>\n\t\t\t\t<\/div>\n\t\t\t\t<div class=\"elementor-element elementor-element-bc60160 elementor-widget elementor-widget-text-editor\" data-id=\"bc60160\" data-element_type=\"widget\" data-widget_type=\"text-editor.default\">\n\t\t\t\t<div class=\"elementor-widget-container\">\n\t\t\t<style>\/*! elementor - v3.18.0 - 08-12-2023 *\/\n.elementor-widget-text-editor.elementor-drop-cap-view-stacked .elementor-drop-cap{background-color:#69727d;color:#fff}.elementor-widget-text-editor.elementor-drop-cap-view-framed .elementor-drop-cap{color:#69727d;border:3px solid;background-color:transparent}.elementor-widget-text-editor:not(.elementor-drop-cap-view-default) .elementor-drop-cap{margin-top:8px}.elementor-widget-text-editor:not(.elementor-drop-cap-view-default) .elementor-drop-cap-letter{width:1em;height:1em}.elementor-widget-text-editor .elementor-drop-cap{float:left;text-align:center;line-height:1;font-size:50px}.elementor-widget-text-editor .elementor-drop-cap-letter{display:inline-block}<\/style>\t\t\t\t<p>O Pr\u00eamio de Melhores Pr\u00e1ticas 2023, o \u201cOscar\u201d da STIHL, foi realizado durante o Workshop de Vendas e Marketing, com 38 pr\u00e1ticas inscritas de 15 pa\u00edses diferentes. Os pr\u00f3prios participantes votaram nas iniciativas que mais lhes agradaram nas categorias que neste ano foram ampliadas: Comunica\u00e7\u00e3o, Ponto de Venda, Oficina e Servi\u00e7o P\u00f3s-Venda, Treinamento e Qualifica\u00e7\u00e3o e Tema Estrat\u00e9gico Aftermarket.<\/p>\t\t\t\t\t\t<\/div>\n\t\t\t\t<\/div>\n\t\t\t\t<div class=\"elementor-element elementor-element-c2e8843 elementor-widget elementor-widget-text-editor\" data-id=\"c2e8843\" data-element_type=\"widget\" data-widget_type=\"text-editor.default\">\n\t\t\t\t<div class=\"elementor-widget-container\">\n\t\t\t\t\t\t\t<p>Parab\u00e9ns aos premiados nas respectivas categorias:<\/p>\t\t\t\t\t\t<\/div>\n\t\t\t\t<\/div>\n\t\t\t\t\t<\/div>\n\t\t<\/div>\n\t\t\t\t\t\t\t<\/div>\n\t\t<\/section>\n\t\t\t\t<section class=\"elementor-section elementor-top-section elementor-element elementor-element-099c3a4 elementor-section-full_width elementor-section-height-default elementor-section-height-default\" data-id=\"099c3a4\" data-element_type=\"section\">\n\t\t\t\t\t\t<div class=\"elementor-container elementor-column-gap-default\">\n\t\t\t\t\t<div class=\"elementor-column elementor-col-50 elementor-top-column elementor-element elementor-element-e9a3860\" data-id=\"e9a3860\" data-element_type=\"column\">\n\t\t\t<div class=\"elementor-widget-wrap elementor-element-populated\">\n\t\t\t\t\t\t\t\t<div class=\"elementor-element elementor-element-4d76273 elementor-widget elementor-widget-image\" data-id=\"4d76273\" data-element_type=\"widget\" data-widget_type=\"image.default\">\n\t\t\t\t<div class=\"elementor-widget-container\">\n\t\t\t<style>\/*! elementor - v3.18.0 - 08-12-2023 *\/\n.elementor-widget-image{text-align:center}.elementor-widget-image a{display:inline-block}.elementor-widget-image a img[src$=\".svg\"]{width:48px}.elementor-widget-image img{vertical-align:middle;display:inline-block}<\/style>\t\t\t\t\t\t\t\t\t<figure class=\"wp-caption\">\n\t\t\t\t\t\t\t\t\t\t<img fetchpriority=\"high\" decoding=\"async\" width=\"300\" height=\"286\" src=\"https:\/\/newservicestihl.com\/wpp\/wp-content\/uploads\/2023\/08\/ns68-melhoresPraticas-Equador-300x286.png\" class=\"attachment-medium size-medium wp-image-2951\" alt=\"\" srcset=\"https:\/\/newservicestihl.com\/wpp\/wp-content\/uploads\/2023\/08\/ns68-melhoresPraticas-Equador-300x286.png 300w, https:\/\/newservicestihl.com\/wpp\/wp-content\/uploads\/2023\/08\/ns68-melhoresPraticas-Equador.png 697w\" sizes=\"(max-width: 300px) 100vw, 300px\" \/>\t\t\t\t\t\t\t\t\t\t\t<figcaption class=\"widget-image-caption wp-caption-text\"><strong>Ponto de venda: <\/strong>Marketing sensorial \u201cViva a experi\u00eancia STIHL\u201d, do Equador<\/figcaption>\n\t\t\t\t\t\t\t\t\t\t<\/figure>\n\t\t\t\t\t\t\t\t\t<\/div>\n\t\t\t\t<\/div>\n\t\t\t\t<div class=\"elementor-element elementor-element-9e98399 elementor-widget elementor-widget-text-editor\" data-id=\"9e98399\" data-element_type=\"widget\" data-widget_type=\"text-editor.default\">\n\t\t\t\t<div class=\"elementor-widget-container\">\n\t\t\t\t\t\t\t<p>O projeto \u201cViva a experi\u00eancia STIHL\u201d consistiu na instala\u00e7\u00e3o de atrativos visuais nas lojas, difusores de aroma com a fragr\u00e2ncia STIHL, esta\u00e7\u00e3o de testes STIHL, m\u00fasica e \u00e1udio com o logotipo STIHL e \u00e1rea de conforto.<\/p>\t\t\t\t\t\t<\/div>\n\t\t\t\t<\/div>\n\t\t\t\t<div class=\"elementor-element elementor-element-1c210cd elementor-widget elementor-widget-text-editor\" data-id=\"1c210cd\" data-element_type=\"widget\" data-widget_type=\"text-editor.default\">\n\t\t\t\t<div class=\"elementor-widget-container\">\n\t\t\t\t\t\t\t<p>A Inmeq trabalhou na padroniza\u00e7\u00e3o progressiva dessa experi\u00eancia em todos os distribuidores autorizados, oferecendo acompanhamento e assessoria constantes para maximizar os resultados.<\/p>\t\t\t\t\t\t<\/div>\n\t\t\t\t<\/div>\n\t\t\t\t<div class=\"elementor-element elementor-element-cd86f8d elementor-widget elementor-widget-image\" data-id=\"cd86f8d\" data-element_type=\"widget\" data-widget_type=\"image.default\">\n\t\t\t\t<div class=\"elementor-widget-container\">\n\t\t\t\t\t\t\t\t\t\t\t\t<figure class=\"wp-caption\">\n\t\t\t\t\t\t\t\t\t\t<img decoding=\"async\" width=\"580\" height=\"271\" src=\"https:\/\/newservicestihl.com\/wpp\/wp-content\/uploads\/2023\/08\/ns68-melhoresPraticas-El-Salvador-1024x478.jpg\" class=\"attachment-large size-large wp-image-2955\" alt=\"\" srcset=\"https:\/\/newservicestihl.com\/wpp\/wp-content\/uploads\/2023\/08\/ns68-melhoresPraticas-El-Salvador-1024x478.jpg 1024w, https:\/\/newservicestihl.com\/wpp\/wp-content\/uploads\/2023\/08\/ns68-melhoresPraticas-El-Salvador-300x140.jpg 300w, https:\/\/newservicestihl.com\/wpp\/wp-content\/uploads\/2023\/08\/ns68-melhoresPraticas-El-Salvador-768x359.jpg 768w, https:\/\/newservicestihl.com\/wpp\/wp-content\/uploads\/2023\/08\/ns68-melhoresPraticas-El-Salvador-1536x717.jpg 1536w, https:\/\/newservicestihl.com\/wpp\/wp-content\/uploads\/2023\/08\/ns68-melhoresPraticas-El-Salvador-2048x956.jpg 2048w, https:\/\/newservicestihl.com\/wpp\/wp-content\/uploads\/2023\/08\/ns68-melhoresPraticas-El-Salvador-1200x560.jpg 1200w, https:\/\/newservicestihl.com\/wpp\/wp-content\/uploads\/2023\/08\/ns68-melhoresPraticas-El-Salvador-1980x925.jpg 1980w\" sizes=\"(max-width: 580px) 100vw, 580px\" \/>\t\t\t\t\t\t\t\t\t\t\t<figcaption class=\"widget-image-caption wp-caption-text\"><strong>Oficina e Servi\u00e7o P\u00f3s-Venda:<\/strong> Fortes no caminho, de El Salvador<\/figcaption>\n\t\t\t\t\t\t\t\t\t\t<\/figure>\n\t\t\t\t\t\t\t\t\t<\/div>\n\t\t\t\t<\/div>\n\t\t\t\t<div class=\"elementor-element elementor-element-138e343 elementor-widget elementor-widget-text-editor\" data-id=\"138e343\" data-element_type=\"widget\" data-widget_type=\"text-editor.default\">\n\t\t\t\t<div class=\"elementor-widget-container\">\n\t\t\t\t\t\t\t<p>A iniciativa buscou oferecer os seguintes servi\u00e7os aos grupos fi\u00e9is UDP, principalmente mulheres:<\/p>\t\t\t\t\t\t<\/div>\n\t\t\t\t<\/div>\n\t\t\t\t<div class=\"elementor-element elementor-element-b2f3fe3 elementor-icon-list--layout-traditional elementor-list-item-link-full_width elementor-widget elementor-widget-icon-list\" data-id=\"b2f3fe3\" data-element_type=\"widget\" data-widget_type=\"icon-list.default\">\n\t\t\t\t<div class=\"elementor-widget-container\">\n\t\t\t<link rel=\"stylesheet\" href=\"https:\/\/newservicestihl.com\/wpp\/wp-content\/plugins\/elementor\/assets\/css\/widget-icon-list.min.css\">\t\t<ul class=\"elementor-icon-list-items\">\n\t\t\t\t\t\t\t<li class=\"elementor-icon-list-item\">\n\t\t\t\t\t\t\t\t\t\t\t<span class=\"elementor-icon-list-icon\">\n\t\t\t\t\t\t\t<i aria-hidden=\"true\" class=\"fas fa-dot-circle\"><\/i>\t\t\t\t\t\t<\/span>\n\t\t\t\t\t\t\t\t\t\t<span class=\"elementor-icon-list-text\">Prioridade nas oficinas STIHL <\/span>\n\t\t\t\t\t\t\t\t\t<\/li>\n\t\t\t\t\t\t\t\t<li class=\"elementor-icon-list-item\">\n\t\t\t\t\t\t\t\t\t\t\t<span class=\"elementor-icon-list-icon\">\n\t\t\t\t\t\t\t<i aria-hidden=\"true\" class=\"fas fa-dot-circle\"><\/i>\t\t\t\t\t\t<\/span>\n\t\t\t\t\t\t\t\t\t\t<span class=\"elementor-icon-list-text\">Treinamento e plano de acompanhamento personalizado <\/span>\n\t\t\t\t\t\t\t\t\t<\/li>\n\t\t\t\t\t\t\t\t<li class=\"elementor-icon-list-item\">\n\t\t\t\t\t\t\t\t\t\t\t<span class=\"elementor-icon-list-icon\">\n\t\t\t\t\t\t\t<i aria-hidden=\"true\" class=\"fas fa-dot-circle\"><\/i>\t\t\t\t\t\t<\/span>\n\t\t\t\t\t\t\t\t\t\t<span class=\"elementor-icon-list-text\">Descontos especiais em produtos. <\/span>\n\t\t\t\t\t\t\t\t\t<\/li>\n\t\t\t\t\t\t<\/ul>\n\t\t\t\t<\/div>\n\t\t\t\t<\/div>\n\t\t\t\t\t<\/div>\n\t\t<\/div>\n\t\t\t\t<div class=\"elementor-column elementor-col-50 elementor-top-column elementor-element elementor-element-e2689c0\" data-id=\"e2689c0\" data-element_type=\"column\">\n\t\t\t<div class=\"elementor-widget-wrap elementor-element-populated\">\n\t\t\t\t\t\t\t\t<div class=\"elementor-element elementor-element-7d8b5be elementor-widget elementor-widget-image\" data-id=\"7d8b5be\" data-element_type=\"widget\" data-widget_type=\"image.default\">\n\t\t\t\t<div class=\"elementor-widget-container\">\n\t\t\t\t\t\t\t\t\t\t\t\t<figure class=\"wp-caption\">\n\t\t\t\t\t\t\t\t\t\t<img decoding=\"async\" width=\"300\" height=\"298\" src=\"https:\/\/newservicestihl.com\/wpp\/wp-content\/uploads\/2023\/08\/ns68-melhoresPraticas-Mexico-300x298.png\" class=\"attachment-medium size-medium wp-image-2962\" alt=\"\" srcset=\"https:\/\/newservicestihl.com\/wpp\/wp-content\/uploads\/2023\/08\/ns68-melhoresPraticas-Mexico-300x298.png 300w, https:\/\/newservicestihl.com\/wpp\/wp-content\/uploads\/2023\/08\/ns68-melhoresPraticas-Mexico-150x150.png 150w, https:\/\/newservicestihl.com\/wpp\/wp-content\/uploads\/2023\/08\/ns68-melhoresPraticas-Mexico.png 668w\" sizes=\"(max-width: 300px) 100vw, 300px\" \/>\t\t\t\t\t\t\t\t\t\t\t<figcaption class=\"widget-image-caption wp-caption-text\"><strong>Treinamento e Qualifica\u00e7\u00e3o:<\/strong> Pontos laranjas, do M\u00e9xico<\/figcaption>\n\t\t\t\t\t\t\t\t\t\t<\/figure>\n\t\t\t\t\t\t\t\t\t<\/div>\n\t\t\t\t<\/div>\n\t\t\t\t<div class=\"elementor-element elementor-element-6d90208 elementor-widget elementor-widget-text-editor\" data-id=\"6d90208\" data-element_type=\"widget\" data-widget_type=\"text-editor.default\">\n\t\t\t\t<div class=\"elementor-widget-container\">\n\t\t\t\t\t\t\t<p>Plataforma projetada para recompensar os esfor\u00e7os de todos os vendedores das concession\u00e1rias STIHL que registram suas vendas para obter pontos que lhes render\u00e3o um lugar na lista de vendedores TOP e um valor extra mensal.<\/p>\t\t\t\t\t\t<\/div>\n\t\t\t\t<\/div>\n\t\t\t\t<div class=\"elementor-element elementor-element-68814dc elementor-widget elementor-widget-text-editor\" data-id=\"68814dc\" data-element_type=\"widget\" data-widget_type=\"text-editor.default\">\n\t\t\t\t<div class=\"elementor-widget-container\">\n\t\t\t\t\t\t\t<p>A comunica\u00e7\u00e3o \u00e9 feita por WhatsApp e Mailing para a comunidade de vendedores (Concession\u00e1rios Autorizados STIHL).<\/p>\t\t\t\t\t\t<\/div>\n\t\t\t\t<\/div>\n\t\t\t\t<div class=\"elementor-element elementor-element-6d91764 elementor-widget elementor-widget-image\" data-id=\"6d91764\" data-element_type=\"widget\" data-widget_type=\"image.default\">\n\t\t\t\t<div class=\"elementor-widget-container\">\n\t\t\t\t\t\t\t\t\t\t\t\t<figure class=\"wp-caption\">\n\t\t\t\t\t\t\t\t\t\t<img loading=\"lazy\" decoding=\"async\" width=\"580\" height=\"145\" src=\"https:\/\/newservicestihl.com\/wpp\/wp-content\/uploads\/2023\/08\/ns68-melhores.png\" class=\"attachment-large size-large wp-image-3186\" alt=\"\" srcset=\"https:\/\/newservicestihl.com\/wpp\/wp-content\/uploads\/2023\/08\/ns68-melhores.png 1024w, https:\/\/newservicestihl.com\/wpp\/wp-content\/uploads\/2023\/08\/ns68-melhores-300x75.png 300w, https:\/\/newservicestihl.com\/wpp\/wp-content\/uploads\/2023\/08\/ns68-melhores-768x192.png 768w\" sizes=\"(max-width: 580px) 100vw, 580px\" \/>\t\t\t\t\t\t\t\t\t\t\t<figcaption class=\"widget-image-caption wp-caption-text\"><strong>Comunica\u00e7\u00e3o:<\/strong> Campanha de cultivos, da Col\u00f4mbia<\/figcaption>\n\t\t\t\t\t\t\t\t\t\t<\/figure>\n\t\t\t\t\t\t\t\t\t<\/div>\n\t\t\t\t<\/div>\n\t\t\t\t<div class=\"elementor-element elementor-element-0e4a3a0 elementor-widget elementor-widget-text-editor\" data-id=\"0e4a3a0\" data-element_type=\"widget\" data-widget_type=\"text-editor.default\">\n\t\t\t\t<div class=\"elementor-widget-container\">\n\t\t\t\t\t\t\t<p>Com a hist\u00f3ria de 4 culturas, a campanha mostrou a marca como aliada, com a qual os clientes podem contar para vencer os desafios que enfrentam todos os dias. Cada safra inclui v\u00eddeos, banco de imagens e pe\u00e7as digitais, entre outros.<\/p>\t\t\t\t\t\t<\/div>\n\t\t\t\t<\/div>\n\t\t\t\t<div class=\"elementor-element elementor-element-9c1426b elementor-widget elementor-widget-image\" data-id=\"9c1426b\" data-element_type=\"widget\" data-widget_type=\"image.default\">\n\t\t\t\t<div class=\"elementor-widget-container\">\n\t\t\t\t\t\t\t\t\t\t\t\t<figure class=\"wp-caption\">\n\t\t\t\t\t\t\t\t\t\t<img loading=\"lazy\" decoding=\"async\" width=\"300\" height=\"167\" src=\"https:\/\/newservicestihl.com\/wpp\/wp-content\/uploads\/2023\/08\/ns68-melhoresPraticas-Honduras-300x167.png\" class=\"attachment-medium size-medium wp-image-2967\" alt=\"\" srcset=\"https:\/\/newservicestihl.com\/wpp\/wp-content\/uploads\/2023\/08\/ns68-melhoresPraticas-Honduras-300x167.png 300w, https:\/\/newservicestihl.com\/wpp\/wp-content\/uploads\/2023\/08\/ns68-melhoresPraticas-Honduras-768x428.png 768w, https:\/\/newservicestihl.com\/wpp\/wp-content\/uploads\/2023\/08\/ns68-melhoresPraticas-Honduras.png 855w\" sizes=\"(max-width: 300px) 100vw, 300px\" \/>\t\t\t\t\t\t\t\t\t\t\t<figcaption class=\"widget-image-caption wp-caption-text\"><strong>Tema Estrat\u00e9gico de Aftermarket:<\/strong> Lan\u00e7amento de plataforma digital (APP) para distribuidores: \u201cOrange PRO \u00a1TU PORTAL NARANJA!\u201d, de Honduras<\/figcaption>\n\t\t\t\t\t\t\t\t\t\t<\/figure>\n\t\t\t\t\t\t\t\t\t<\/div>\n\t\t\t\t<\/div>\n\t\t\t\t<div class=\"elementor-element elementor-element-021b6e4 elementor-widget elementor-widget-text-editor\" data-id=\"021b6e4\" data-element_type=\"widget\" data-widget_type=\"text-editor.default\">\n\t\t\t\t<div class=\"elementor-widget-container\">\n\t\t\t\t\t\t\t<p>A plataforma possui um m\u00f3dulo para consulta de pre\u00e7os de produtos e disponibilidade de estoque em n\u00edvel nacional, assim como o monitoramento do cumprimento das metas mensais e hist\u00f3ricas de vendas. No aplicativo, o distribuidor tamb\u00e9m pode carregar seu ticket de solicita\u00e7\u00e3o nas categorias marketing, suporte t\u00e9cnico e suporte ao produto, o que permite dar seguimento a cada solicita\u00e7\u00e3o.<\/p>\t\t\t\t\t\t<\/div>\n\t\t\t\t<\/div>\n\t\t\t\t\t<\/div>\n\t\t<\/div>\n\t\t\t\t\t\t\t<\/div>\n\t\t<\/section>\n\t\t\t\t<section class=\"elementor-section elementor-top-section elementor-element elementor-element-50c23bd elementor-section-full_width elementor-section-height-default elementor-section-height-default\" data-id=\"50c23bd\" data-element_type=\"section\" data-settings=\"{&quot;background_background&quot;:&quot;classic&quot;}\">\n\t\t\t\t\t\t<div class=\"elementor-container elementor-column-gap-default\">\n\t\t\t\t\t<div class=\"elementor-column elementor-col-33 elementor-top-column elementor-element elementor-element-51c594f\" data-id=\"51c594f\" data-element_type=\"column\">\n\t\t\t<div class=\"elementor-widget-wrap elementor-element-populated\">\n\t\t\t\t\t\t\t\t<div class=\"elementor-element elementor-element-0bb7c4a elementor-widget elementor-widget-image\" data-id=\"0bb7c4a\" data-element_type=\"widget\" data-widget_type=\"image.default\">\n\t\t\t\t<div class=\"elementor-widget-container\">\n\t\t\t\t\t\t\t\t\t\t\t\t\t\t\t<img decoding=\"async\" src=\"https:\/\/newservicestihl.com\/wpp\/wp-content\/uploads\/elementor\/thumbs\/icone-q5lhq1mgk7buyw51yafbaaiviv6dvo1k466uxie4mg.png\" title=\"icone\" alt=\"icone\" loading=\"lazy\" \/>\t\t\t\t\t\t\t\t\t\t\t\t\t\t\t<\/div>\n\t\t\t\t<\/div>\n\t\t\t\t\t<\/div>\n\t\t<\/div>\n\t\t\t\t<div class=\"elementor-column elementor-col-66 elementor-top-column elementor-element elementor-element-90db8d2\" data-id=\"90db8d2\" data-element_type=\"column\">\n\t\t\t<div class=\"elementor-widget-wrap elementor-element-populated\">\n\t\t\t\t\t\t\t\t<div class=\"elementor-element elementor-element-3426259 elementor-widget elementor-widget-text-editor\" data-id=\"3426259\" data-element_type=\"widget\" data-widget_type=\"text-editor.default\">\n\t\t\t\t<div class=\"elementor-widget-container\">\n\t\t\t\t\t\t\t<p><strong>Parab\u00e9ns tamb\u00e9m a todos os inscritos pelo empenho em seus trabalhos! <br \/>Voc\u00ea pode conferir a apresenta\u00e7\u00e3o final com todos os trabalhos no APP Latam na Biblioteca \/ Melhores Pr\u00e1ticas \/ Oscar 2023. <br \/>INSPIRE-SE<\/strong><\/p>\t\t\t\t\t\t<\/div>\n\t\t\t\t<\/div>\n\t\t\t\t\t<\/div>\n\t\t<\/div>\n\t\t\t\t\t\t\t<\/div>\n\t\t<\/section>\n\t\t\t\t<section class=\"elementor-section elementor-top-section elementor-element elementor-element-06d1db1 elementor-section-full_width elementor-section-height-default elementor-section-height-default\" data-id=\"06d1db1\" data-element_type=\"section\" data-settings=\"{&quot;background_background&quot;:&quot;classic&quot;}\">\n\t\t\t\t\t\t<div class=\"elementor-container elementor-column-gap-default\">\n\t\t\t\t\t<div class=\"elementor-column elementor-col-33 elementor-top-column elementor-element elementor-element-1895427\" data-id=\"1895427\" data-element_type=\"column\">\n\t\t\t<div class=\"elementor-widget-wrap elementor-element-populated\">\n\t\t\t\t\t\t\t\t<div class=\"elementor-element elementor-element-3d1be23 elementor-widget elementor-widget-image\" data-id=\"3d1be23\" data-element_type=\"widget\" data-widget_type=\"image.default\">\n\t\t\t\t<div class=\"elementor-widget-container\">\n\t\t\t\t\t\t\t\t\t\t\t\t\t\t\t<img loading=\"lazy\" decoding=\"async\" width=\"1113\" height=\"720\" src=\"https:\/\/newservicestihl.com\/wpp\/wp-content\/uploads\/2023\/08\/ns68-melhores-perguntas.jpg\" class=\"attachment-full size-full wp-image-3091\" alt=\"\" srcset=\"https:\/\/newservicestihl.com\/wpp\/wp-content\/uploads\/2023\/08\/ns68-melhores-perguntas.jpg 1113w, https:\/\/newservicestihl.com\/wpp\/wp-content\/uploads\/2023\/08\/ns68-melhores-perguntas-300x194.jpg 300w, https:\/\/newservicestihl.com\/wpp\/wp-content\/uploads\/2023\/08\/ns68-melhores-perguntas-1024x662.jpg 1024w, https:\/\/newservicestihl.com\/wpp\/wp-content\/uploads\/2023\/08\/ns68-melhores-perguntas-768x497.jpg 768w\" sizes=\"(max-width: 1113px) 100vw, 1113px\" \/>\t\t\t\t\t\t\t\t\t\t\t\t\t\t\t<\/div>\n\t\t\t\t<\/div>\n\t\t\t\t\t<\/div>\n\t\t<\/div>\n\t\t\t\t<div class=\"elementor-column elementor-col-66 elementor-top-column elementor-element elementor-element-9f2f230\" data-id=\"9f2f230\" data-element_type=\"column\">\n\t\t\t<div class=\"elementor-widget-wrap elementor-element-populated\">\n\t\t\t\t\t\t\t\t<div class=\"elementor-element elementor-element-db09b95 elementor-widget elementor-widget-heading\" data-id=\"db09b95\" data-element_type=\"widget\" data-widget_type=\"heading.default\">\n\t\t\t\t<div class=\"elementor-widget-container\">\n\t\t\t<h2 class=\"elementor-heading-title elementor-size-default\">VOC\u00ca TEM ALGUMA PERGUNTA? ENTRE EM CONTATO!<\/h2>\t\t<\/div>\n\t\t\t\t<\/div>\n\t\t\t\t<section class=\"elementor-section elementor-inner-section elementor-element elementor-element-b64e35c elementor-section-full_width elementor-section-height-default elementor-section-height-default\" data-id=\"b64e35c\" data-element_type=\"section\">\n\t\t\t\t\t\t<div class=\"elementor-container elementor-column-gap-default\">\n\t\t\t\t\t<div class=\"elementor-column elementor-col-33 elementor-inner-column elementor-element elementor-element-9f7ab07\" data-id=\"9f7ab07\" data-element_type=\"column\">\n\t\t\t<div class=\"elementor-widget-wrap elementor-element-populated\">\n\t\t\t\t\t\t\t\t<div class=\"elementor-element elementor-element-f95c383 elementor-widget elementor-widget-text-editor\" data-id=\"f95c383\" data-element_type=\"widget\" data-widget_type=\"text-editor.default\">\n\t\t\t\t<div class=\"elementor-widget-container\">\n\t\t\t\t\t\t\t<p><strong>Andrea Chaverra <\/strong><br \/><strong>Col\u00f4mbia <\/strong><br \/><strong>+57 4 614 80 81 Ext. 116<\/strong><br \/><strong><a href=\"mailto:andrea.chaverra@stihl.co\"> andrea.chaverra@stihl.co<\/a><\/strong><\/p>\t\t\t\t\t\t<\/div>\n\t\t\t\t<\/div>\n\t\t\t\t<div class=\"elementor-element elementor-element-93435d2 elementor-widget elementor-widget-text-editor\" data-id=\"93435d2\" data-element_type=\"widget\" data-widget_type=\"text-editor.default\">\n\t\t\t\t<div class=\"elementor-widget-container\">\n\t\t\t\t\t\t\t<p><strong>Diana Lizbeth Mejia Arriaga<\/strong><br \/><strong> Honduras<\/strong><br \/><strong>+504 25595899<br \/><\/strong><strong><a href=\"mailto:dlmejia@cemcol.com\">dlmejia@cemcol.com<\/a><\/strong><\/p>\t\t\t\t\t\t<\/div>\n\t\t\t\t<\/div>\n\t\t\t\t\t<\/div>\n\t\t<\/div>\n\t\t\t\t<div class=\"elementor-column elementor-col-33 elementor-inner-column elementor-element elementor-element-ef17a30\" data-id=\"ef17a30\" data-element_type=\"column\">\n\t\t\t<div class=\"elementor-widget-wrap elementor-element-populated\">\n\t\t\t\t\t\t\t\t<div class=\"elementor-element elementor-element-5b06335 elementor-widget elementor-widget-text-editor\" data-id=\"5b06335\" data-element_type=\"widget\" data-widget_type=\"text-editor.default\">\n\t\t\t\t<div class=\"elementor-widget-container\">\n\t\t\t\t\t\t\t<p><strong>Darwin Mauricio Portillo<\/strong><br \/><strong> Honduras <\/strong><br \/><strong>+504 9980-4489<\/strong><br \/><strong><a href=\"mailto:dmportillo@cemcol.com\">dmportillo@cemcol.com<\/a><\/strong><\/p>\t\t\t\t\t\t<\/div>\n\t\t\t\t<\/div>\n\t\t\t\t<div class=\"elementor-element elementor-element-c77cd3b elementor-widget elementor-widget-text-editor\" data-id=\"c77cd3b\" data-element_type=\"widget\" data-widget_type=\"text-editor.default\">\n\t\t\t\t<div class=\"elementor-widget-container\">\n\t\t\t\t\t\t\t<p><strong>Iver Paredes <\/strong><br \/><strong>Equador <\/strong><br \/><strong>+593 2250-0139<\/strong><br \/><strong><a href=\"mailto:iparedes@gn-suferreteria.com.ec\">iparedes@gn-suferreteria.com.ec<\/a><\/strong><\/p>\t\t\t\t\t\t<\/div>\n\t\t\t\t<\/div>\n\t\t\t\t\t<\/div>\n\t\t<\/div>\n\t\t\t\t<div class=\"elementor-column elementor-col-33 elementor-inner-column elementor-element elementor-element-bf0b0e7\" data-id=\"bf0b0e7\" data-element_type=\"column\">\n\t\t\t<div class=\"elementor-widget-wrap elementor-element-populated\">\n\t\t\t\t\t\t\t\t<div class=\"elementor-element elementor-element-dc0acb0 elementor-widget elementor-widget-text-editor\" data-id=\"dc0acb0\" data-element_type=\"widget\" data-widget_type=\"text-editor.default\">\n\t\t\t\t<div class=\"elementor-widget-container\">\n\t\t\t\t\t\t\t<p><strong>Daniela Menchaca <\/strong><br \/><strong>M\u00e9xico <\/strong><br \/><strong>+52 222 429 5422<\/strong><br \/><strong><a href=\"mailto:daniela.Menchaca@stihl.com.mx\"> daniela.Menchaca@stihl.com.mx<\/a><\/strong><\/p>\t\t\t\t\t\t<\/div>\n\t\t\t\t<\/div>\n\t\t\t\t<div class=\"elementor-element elementor-element-33fc07b elementor-widget elementor-widget-text-editor\" data-id=\"33fc07b\" data-element_type=\"widget\" data-widget_type=\"text-editor.default\">\n\t\t\t\t<div class=\"elementor-widget-container\">\n\t\t\t\t\t\t\t<p><strong>Oscar Rodriguez <\/strong><br \/><strong>El Salvador <\/strong><br \/><strong>+ 503 2231-2800<\/strong><br \/><strong><a href=\"mailto:orodriguez@indupal.com\"> orodriguez@indupal.com<\/a><\/strong><\/p>\t\t\t\t\t\t<\/div>\n\t\t\t\t<\/div>\n\t\t\t\t\t<\/div>\n\t\t<\/div>\n\t\t\t\t\t\t\t<\/div>\n\t\t<\/section>\n\t\t\t\t\t<\/div>\n\t\t<\/div>\n\t\t\t\t\t\t\t<\/div>\n\t\t<\/section>\n\t\t\t\t\t\t\t<\/div>\n\t\t","protected":false},"excerpt":{"rendered":"<p>NOVAMENTE OS IMPORTADORES E SUBSIDI\u00c1RIAS DA STIHL NA AM\u00c9RICA LATINA DERAM UM SHOW DE COMPET\u00caNCIA E CRIATIVIDADE, MOSTRANDO AS MELHORES PR\u00c1TICAS QUE DESENVOLVERAM EM CINCO CATEGORIAS DIFERENTES. O Pr\u00eamio de Melhores Pr\u00e1ticas 2023, o \u201cOscar\u201d da STIHL, foi realizado durante o Workshop de Vendas e Marketing, com 38 pr\u00e1ticas inscritas de 15 pa\u00edses diferentes. Os [&hellip;]<\/p>\n","protected":false},"author":1,"featured_media":2975,"comment_status":"open","ping_status":"open","sticky":false,"template":"","format":"standard","meta":{"footnotes":""},"categories":[113],"tags":[27],"class_list":["post-2721","post","type-post","status-publish","format-standard","has-post-thumbnail","hentry","category-ns68","tag-melhores-praticas"],"_links":{"self":[{"href":"https:\/\/newservicestihl.com\/wpp\/wp-json\/wp\/v2\/posts\/2721","targetHints":{"allow":["GET"]}}],"collection":[{"href":"https:\/\/newservicestihl.com\/wpp\/wp-json\/wp\/v2\/posts"}],"about":[{"href":"https:\/\/newservicestihl.com\/wpp\/wp-json\/wp\/v2\/types\/post"}],"author":[{"embeddable":true,"href":"https:\/\/newservicestihl.com\/wpp\/wp-json\/wp\/v2\/users\/1"}],"replies":[{"embeddable":true,"href":"https:\/\/newservicestihl.com\/wpp\/wp-json\/wp\/v2\/comments?post=2721"}],"version-history":[{"count":162,"href":"https:\/\/newservicestihl.com\/wpp\/wp-json\/wp\/v2\/posts\/2721\/revisions"}],"predecessor-version":[{"id":3475,"href":"https:\/\/newservicestihl.com\/wpp\/wp-json\/wp\/v2\/posts\/2721\/revisions\/3475"}],"wp:featuredmedia":[{"embeddable":true,"href":"https:\/\/newservicestihl.com\/wpp\/wp-json\/wp\/v2\/media\/2975"}],"wp:attachment":[{"href":"https:\/\/newservicestihl.com\/wpp\/wp-json\/wp\/v2\/media?parent=2721"}],"wp:term":[{"taxonomy":"category","embeddable":true,"href":"https:\/\/newservicestihl.com\/wpp\/wp-json\/wp\/v2\/categories?post=2721"},{"taxonomy":"post_tag","embeddable":true,"href":"https:\/\/newservicestihl.com\/wpp\/wp-json\/wp\/v2\/tags?post=2721"}],"curies":[{"name":"wp","href":"https:\/\/api.w.org\/{rel}","templated":true}]}}