{"id":3520,"date":"2023-10-23T11:59:50","date_gmt":"2023-10-23T14:59:50","guid":{"rendered":"https:\/\/newservicestihl.com\/wpp\/?p=3520"},"modified":"2023-10-26T10:13:11","modified_gmt":"2023-10-26T13:13:11","slug":"alta-prioridade","status":"publish","type":"post","link":"https:\/\/newservicestihl.com\/wpp\/alta-prioridade\/","title":{"rendered":"Alta prioridade"},"content":{"rendered":"\t\t<div data-elementor-type=\"wp-post\" data-elementor-id=\"3520\" class=\"elementor elementor-3520\">\n\t\t\t\t\t\t\t\t\t<section class=\"elementor-section elementor-top-section elementor-element elementor-element-31e8bad elementor-section-full_width elementor-section-height-default elementor-section-height-default\" data-id=\"31e8bad\" data-element_type=\"section\">\n\t\t\t\t\t\t<div class=\"elementor-container elementor-column-gap-default\">\n\t\t\t\t\t<div class=\"elementor-column elementor-col-50 elementor-top-column elementor-element elementor-element-6107f32\" data-id=\"6107f32\" data-element_type=\"column\">\n\t\t\t<div class=\"elementor-widget-wrap elementor-element-populated\">\n\t\t\t\t\t\t\t\t<div class=\"elementor-element elementor-element-0fce790 elementor-widget elementor-widget-heading\" data-id=\"0fce790\" data-element_type=\"widget\" data-widget_type=\"heading.default\">\n\t\t\t\t<div class=\"elementor-widget-container\">\n\t\t\t<style>\/*! elementor - v3.18.0 - 08-12-2023 *\/\n.elementor-heading-title{padding:0;margin:0;line-height:1}.elementor-widget-heading .elementor-heading-title[class*=elementor-size-]>a{color:inherit;font-size:inherit;line-height:inherit}.elementor-widget-heading .elementor-heading-title.elementor-size-small{font-size:15px}.elementor-widget-heading .elementor-heading-title.elementor-size-medium{font-size:19px}.elementor-widget-heading .elementor-heading-title.elementor-size-large{font-size:29px}.elementor-widget-heading .elementor-heading-title.elementor-size-xl{font-size:39px}.elementor-widget-heading .elementor-heading-title.elementor-size-xxl{font-size:59px}<\/style><h2 class=\"elementor-heading-title elementor-size-default\">A LINHA A BATERIA, EM FRANCO\nCRESCIMENTO, AUMENTA CADA VEZ MAIS\nA SUA IMPORT\u00c2NCIA DENTRO DO GRUPO. <\/h2>\t\t<\/div>\n\t\t\t\t<\/div>\n\t\t\t\t<div class=\"elementor-element elementor-element-4b2e369 elementor-widget elementor-widget-text-editor\" data-id=\"4b2e369\" data-element_type=\"widget\" data-widget_type=\"text-editor.default\">\n\t\t\t\t<div class=\"elementor-widget-container\">\n\t\t\t<style>\/*! elementor - v3.18.0 - 08-12-2023 *\/\n.elementor-widget-text-editor.elementor-drop-cap-view-stacked .elementor-drop-cap{background-color:#69727d;color:#fff}.elementor-widget-text-editor.elementor-drop-cap-view-framed .elementor-drop-cap{color:#69727d;border:3px solid;background-color:transparent}.elementor-widget-text-editor:not(.elementor-drop-cap-view-default) .elementor-drop-cap{margin-top:8px}.elementor-widget-text-editor:not(.elementor-drop-cap-view-default) .elementor-drop-cap-letter{width:1em;height:1em}.elementor-widget-text-editor .elementor-drop-cap{float:left;text-align:center;line-height:1;font-size:50px}.elementor-widget-text-editor .elementor-drop-cap-letter{display:inline-block}<\/style>\t\t\t\t<p>Uma das apresenta\u00e7\u00f5es de maior destaque do workshop de Vendas e Marketing Growth and Transformation, realizado em julho no Brasil, foi sem d\u00favida a do Sr. Joachim Burandt, Vice Presidente Senior de Vendas do Grupo STIHL. Ele apresentou a estrat\u00e9gia \u201cbateria primeiro\u201d da Empresa. Em grande parte dos mercados globais, j\u00e1 se identifica um crescimento significativo da linha a bateria em rela\u00e7\u00e3o \u00e0s unidades motoras, especialmente na Am\u00e9rica do Norte, Europa e Oceania. A partir de 2027 espera se um avan\u00e7o ainda maior. \u201cA mudan\u00e7a de tecnologia, o nosso novo ambiente competitivo, as expectativas dos clientes, a transforma\u00e7\u00e3o digital na forma como trabalhamos e interagimos s\u00e3o desafios constantes dos \u00faltimos anos. Mas estamos confiantes de que, com o n\u00edvel de experi\u00eancia e ambi\u00e7\u00e3o das pessoas da STIHL, seja nos mercados, seja na Matriz, e com todas as medidas tomadas e planejadas, vamos continuar com nossa jornada de sucesso\u201d, afirma<\/p>\t\t\t\t\t\t<\/div>\n\t\t\t\t<\/div>\n\t\t\t\t<div class=\"elementor-element elementor-element-da7d1c4 elementor-widget elementor-widget-heading\" data-id=\"da7d1c4\" data-element_type=\"widget\" data-widget_type=\"heading.default\">\n\t\t\t\t<div class=\"elementor-widget-container\">\n\t\t\t<h2 class=\"elementor-heading-title elementor-size-default\">PROFISSIONAL X CONSUMIDOR <\/h2>\t\t<\/div>\n\t\t\t\t<\/div>\n\t\t\t\t<div class=\"elementor-element elementor-element-6f5b7f4 elementor-widget elementor-widget-text-editor\" data-id=\"6f5b7f4\" data-element_type=\"widget\" data-widget_type=\"text-editor.default\">\n\t\t\t\t<div class=\"elementor-widget-container\">\n\t\t\t\t\t\t\t<p>A STIHL busca ampliar o mercado da linha a bateria tanto no segmento profissional como no dos consumidores em geral. No entanto, o profissional \u00e9 priorit\u00e1rio. Para isso, tem como estrat\u00e9gia o aumento da gama de produtos do sistema AP, maior enfoque junto \u00e0 for\u00e7a de vendas e concession\u00e1rios, entre outras iniciativas. O objetivo principal \u00e9 conquistar novos clientes e manter o consumidor da linha a gasolina nessa mudan\u00e7a.<\/p>\t\t\t\t\t\t<\/div>\n\t\t\t\t<\/div>\n\t\t\t\t\t<\/div>\n\t\t<\/div>\n\t\t\t\t<div class=\"elementor-column elementor-col-50 elementor-top-column elementor-element elementor-element-47a6ae2\" data-id=\"47a6ae2\" data-element_type=\"column\">\n\t\t\t<div class=\"elementor-widget-wrap elementor-element-populated\">\n\t\t\t\t\t\t\t\t<div class=\"elementor-element elementor-element-2462bce elementor-widget elementor-widget-image\" data-id=\"2462bce\" data-element_type=\"widget\" data-widget_type=\"image.default\">\n\t\t\t\t<div class=\"elementor-widget-container\">\n\t\t\t<style>\/*! elementor - v3.18.0 - 08-12-2023 *\/\n.elementor-widget-image{text-align:center}.elementor-widget-image a{display:inline-block}.elementor-widget-image a img[src$=\".svg\"]{width:48px}.elementor-widget-image img{vertical-align:middle;display:inline-block}<\/style>\t\t\t\t\t\t\t\t\t\t\t\t<img fetchpriority=\"high\" decoding=\"async\" width=\"439\" height=\"541\" src=\"https:\/\/newservicestihl.com\/wpp\/wp-content\/uploads\/2023\/10\/ns69-grafico-momentos.png\" class=\"attachment-large size-large wp-image-3549\" alt=\"\" srcset=\"https:\/\/newservicestihl.com\/wpp\/wp-content\/uploads\/2023\/10\/ns69-grafico-momentos.png 439w, https:\/\/newservicestihl.com\/wpp\/wp-content\/uploads\/2023\/10\/ns69-grafico-momentos-243x300.png 243w\" sizes=\"(max-width: 439px) 100vw, 439px\" \/>\t\t\t\t\t\t\t\t\t\t\t\t\t\t\t<\/div>\n\t\t\t\t<\/div>\n\t\t\t\t\t<\/div>\n\t\t<\/div>\n\t\t\t\t\t\t\t<\/div>\n\t\t<\/section>\n\t\t\t\t<section class=\"elementor-section elementor-top-section elementor-element elementor-element-63dee04 elementor-section-full_width elementor-section-height-default elementor-section-height-default\" data-id=\"63dee04\" data-element_type=\"section\">\n\t\t\t\t\t\t<div class=\"elementor-container elementor-column-gap-default\">\n\t\t\t\t\t<div class=\"elementor-column elementor-col-100 elementor-top-column elementor-element elementor-element-6bf50b0\" data-id=\"6bf50b0\" data-element_type=\"column\">\n\t\t\t<div class=\"elementor-widget-wrap elementor-element-populated\">\n\t\t\t\t\t\t\t\t<div class=\"elementor-element elementor-element-d01bc2b elementor-widget elementor-widget-image\" data-id=\"d01bc2b\" data-element_type=\"widget\" data-widget_type=\"image.default\">\n\t\t\t\t<div class=\"elementor-widget-container\">\n\t\t\t\t\t\t\t\t\t\t\t\t<figure class=\"wp-caption\">\n\t\t\t\t\t\t\t\t\t\t<img decoding=\"async\" width=\"1029\" height=\"548\" src=\"https:\/\/newservicestihl.com\/wpp\/wp-content\/uploads\/2023\/10\/ns69-Mapa-moementos.png\" class=\"attachment-2048x2048 size-2048x2048 wp-image-3550\" alt=\"\" srcset=\"https:\/\/newservicestihl.com\/wpp\/wp-content\/uploads\/2023\/10\/ns69-Mapa-moementos.png 1029w, https:\/\/newservicestihl.com\/wpp\/wp-content\/uploads\/2023\/10\/ns69-Mapa-moementos-300x160.png 300w, https:\/\/newservicestihl.com\/wpp\/wp-content\/uploads\/2023\/10\/ns69-Mapa-moementos-1024x545.png 1024w, https:\/\/newservicestihl.com\/wpp\/wp-content\/uploads\/2023\/10\/ns69-Mapa-moementos-768x409.png 768w\" sizes=\"(max-width: 1029px) 100vw, 1029px\" \/>\t\t\t\t\t\t\t\t\t\t\t<figcaption class=\"widget-image-caption wp-caption-text\">Linha a bateria j\u00e1 estabelecida na Europa, Am\u00e9rica do Norte e Oceania - percentual de unidades a bateria no total de unidades motoras T1 2023 \/ T1 2022<\/figcaption>\n\t\t\t\t\t\t\t\t\t\t<\/figure>\n\t\t\t\t\t\t\t\t\t<\/div>\n\t\t\t\t<\/div>\n\t\t\t\t\t<\/div>\n\t\t<\/div>\n\t\t\t\t\t\t\t<\/div>\n\t\t<\/section>\n\t\t\t\t<section class=\"elementor-section elementor-top-section elementor-element elementor-element-7c24add elementor-section-full_width elementor-section-height-default elementor-section-height-default\" data-id=\"7c24add\" data-element_type=\"section\" data-settings=\"{&quot;background_background&quot;:&quot;classic&quot;}\">\n\t\t\t\t\t\t<div class=\"elementor-container elementor-column-gap-default\">\n\t\t\t\t\t<div class=\"elementor-column elementor-col-33 elementor-top-column elementor-element elementor-element-7558a42\" data-id=\"7558a42\" data-element_type=\"column\">\n\t\t\t<div class=\"elementor-widget-wrap elementor-element-populated\">\n\t\t\t\t\t\t\t\t<div class=\"elementor-element elementor-element-a5e232a elementor-widget elementor-widget-image\" data-id=\"a5e232a\" data-element_type=\"widget\" data-widget_type=\"image.default\">\n\t\t\t\t<div class=\"elementor-widget-container\">\n\t\t\t\t\t\t\t\t\t\t\t\t\t\t\t<img decoding=\"async\" width=\"458\" height=\"252\" src=\"https:\/\/newservicestihl.com\/wpp\/wp-content\/uploads\/2023\/10\/ns69-PatriqPaines-moentos.png\" class=\"attachment-large size-large wp-image-3557\" alt=\"\" srcset=\"https:\/\/newservicestihl.com\/wpp\/wp-content\/uploads\/2023\/10\/ns69-PatriqPaines-moentos.png 458w, https:\/\/newservicestihl.com\/wpp\/wp-content\/uploads\/2023\/10\/ns69-PatriqPaines-moentos-300x165.png 300w\" sizes=\"(max-width: 458px) 100vw, 458px\" \/>\t\t\t\t\t\t\t\t\t\t\t\t\t\t\t<\/div>\n\t\t\t\t<\/div>\n\t\t\t\t\t<\/div>\n\t\t<\/div>\n\t\t\t\t<div class=\"elementor-column elementor-col-66 elementor-top-column elementor-element elementor-element-80e9171\" data-id=\"80e9171\" data-element_type=\"column\">\n\t\t\t<div class=\"elementor-widget-wrap elementor-element-populated\">\n\t\t\t\t\t\t\t\t<div class=\"elementor-element elementor-element-d7d09ad elementor-widget elementor-widget-heading\" data-id=\"d7d09ad\" data-element_type=\"widget\" data-widget_type=\"heading.default\">\n\t\t\t\t<div class=\"elementor-widget-container\">\n\t\t\t<h2 class=\"elementor-heading-title elementor-size-default\">VOC\u00ca TEM ALGUMA PERGUNTA? <br>ENTRE EM CONTATO!<\/h2>\t\t<\/div>\n\t\t\t\t<\/div>\n\t\t\t\t<section class=\"elementor-section elementor-inner-section elementor-element elementor-element-f7ecd19 elementor-section-full_width elementor-section-height-default elementor-section-height-default\" data-id=\"f7ecd19\" data-element_type=\"section\">\n\t\t\t\t\t\t<div class=\"elementor-container elementor-column-gap-default\">\n\t\t\t\t\t<div class=\"elementor-column elementor-col-100 elementor-inner-column elementor-element elementor-element-e5020f1\" data-id=\"e5020f1\" data-element_type=\"column\">\n\t\t\t<div class=\"elementor-widget-wrap elementor-element-populated\">\n\t\t\t\t\t\t\t\t<div class=\"elementor-element elementor-element-f5ce2d8 elementor-widget elementor-widget-text-editor\" data-id=\"f5ce2d8\" data-element_type=\"widget\" data-widget_type=\"text-editor.default\">\n\t\t\t\t<div class=\"elementor-widget-container\">\n\t\t\t\t\t\t\t<p><strong>Patriq Paines<\/strong><br \/><a href=\"https:\/\/wa.me\/+5551992749650\"><strong>+55 51 992749650<\/strong><\/a><br \/><a href=\"mailto:patriq.paines@stihl.com.br\"><strong>patriq.paines@stihl.com.br<\/strong><\/a><\/p>\t\t\t\t\t\t<\/div>\n\t\t\t\t<\/div>\n\t\t\t\t\t<\/div>\n\t\t<\/div>\n\t\t\t\t\t\t\t<\/div>\n\t\t<\/section>\n\t\t\t\t\t<\/div>\n\t\t<\/div>\n\t\t\t\t\t\t\t<\/div>\n\t\t<\/section>\n\t\t\t\t\t\t\t<\/div>\n\t\t","protected":false},"excerpt":{"rendered":"<p>A LINHA A BATERIA, EM FRANCO CRESCIMENTO, AUMENTA CADA VEZ MAIS A SUA IMPORT\u00c2NCIA DENTRO DO GRUPO. Uma das apresenta\u00e7\u00f5es de maior destaque do workshop de Vendas e Marketing Growth and Transformation, realizado em julho no Brasil, foi sem d\u00favida a do Sr. Joachim Burandt, Vice Presidente Senior de Vendas do Grupo STIHL. Ele apresentou [&hellip;]<\/p>\n","protected":false},"author":1,"featured_media":3573,"comment_status":"open","ping_status":"open","sticky":false,"template":"","format":"standard","meta":{"footnotes":""},"categories":[125],"tags":[25],"class_list":["post-3520","post","type-post","status-publish","format-standard","has-post-thumbnail","hentry","category-ns69","tag-momentos"],"_links":{"self":[{"href":"https:\/\/newservicestihl.com\/wpp\/wp-json\/wp\/v2\/posts\/3520","targetHints":{"allow":["GET"]}}],"collection":[{"href":"https:\/\/newservicestihl.com\/wpp\/wp-json\/wp\/v2\/posts"}],"about":[{"href":"https:\/\/newservicestihl.com\/wpp\/wp-json\/wp\/v2\/types\/post"}],"author":[{"embeddable":true,"href":"https:\/\/newservicestihl.com\/wpp\/wp-json\/wp\/v2\/users\/1"}],"replies":[{"embeddable":true,"href":"https:\/\/newservicestihl.com\/wpp\/wp-json\/wp\/v2\/comments?post=3520"}],"version-history":[{"count":45,"href":"https:\/\/newservicestihl.com\/wpp\/wp-json\/wp\/v2\/posts\/3520\/revisions"}],"predecessor-version":[{"id":3942,"href":"https:\/\/newservicestihl.com\/wpp\/wp-json\/wp\/v2\/posts\/3520\/revisions\/3942"}],"wp:featuredmedia":[{"embeddable":true,"href":"https:\/\/newservicestihl.com\/wpp\/wp-json\/wp\/v2\/media\/3573"}],"wp:attachment":[{"href":"https:\/\/newservicestihl.com\/wpp\/wp-json\/wp\/v2\/media?parent=3520"}],"wp:term":[{"taxonomy":"category","embeddable":true,"href":"https:\/\/newservicestihl.com\/wpp\/wp-json\/wp\/v2\/categories?post=3520"},{"taxonomy":"post_tag","embeddable":true,"href":"https:\/\/newservicestihl.com\/wpp\/wp-json\/wp\/v2\/tags?post=3520"}],"curies":[{"name":"wp","href":"https:\/\/api.w.org\/{rel}","templated":true}]}}