{"id":3983,"date":"2023-12-12T17:52:24","date_gmt":"2023-12-12T20:52:24","guid":{"rendered":"https:\/\/newservicestihl.com\/wpp\/?p=3983"},"modified":"2023-12-18T17:02:48","modified_gmt":"2023-12-18T20:02:48","slug":"50-anos-bem-comemorados","status":"publish","type":"post","link":"https:\/\/newservicestihl.com\/wpp\/50-anos-bem-comemorados\/","title":{"rendered":"50 anos bem comemorados"},"content":{"rendered":"\t\t<div data-elementor-type=\"wp-post\" data-elementor-id=\"3983\" class=\"elementor elementor-3983\">\n\t\t\t\t\t\t\t\t\t<section class=\"elementor-section elementor-top-section elementor-element elementor-element-99c01a6 elementor-section-full_width elementor-section-height-default elementor-section-height-default\" data-id=\"99c01a6\" data-element_type=\"section\">\n\t\t\t\t\t\t<div class=\"elementor-container elementor-column-gap-default\">\n\t\t\t\t\t<div class=\"elementor-column elementor-col-100 elementor-top-column elementor-element elementor-element-482d5ef\" data-id=\"482d5ef\" data-element_type=\"column\">\n\t\t\t<div class=\"elementor-widget-wrap elementor-element-populated\">\n\t\t\t\t\t\t\t\t<div class=\"elementor-element elementor-element-3080b09 elementor-widget elementor-widget-heading\" data-id=\"3080b09\" data-element_type=\"widget\" data-widget_type=\"heading.default\">\n\t\t\t\t<div class=\"elementor-widget-container\">\n\t\t\t<style>\/*! elementor - v3.18.0 - 08-12-2023 *\/\n.elementor-heading-title{padding:0;margin:0;line-height:1}.elementor-widget-heading .elementor-heading-title[class*=elementor-size-]>a{color:inherit;font-size:inherit;line-height:inherit}.elementor-widget-heading .elementor-heading-title.elementor-size-small{font-size:15px}.elementor-widget-heading .elementor-heading-title.elementor-size-medium{font-size:19px}.elementor-widget-heading .elementor-heading-title.elementor-size-large{font-size:29px}.elementor-widget-heading .elementor-heading-title.elementor-size-xl{font-size:39px}.elementor-widget-heading .elementor-heading-title.elementor-size-xxl{font-size:59px}<\/style><h2 class=\"elementor-heading-title elementor-size-default\">O CINQUENTEN\u00c1RIO DE PRODU\u00c7\u00c3O DA STIHL NO BRASIL FOI CELEBRADO DURANTE TODO O ANO DE 2023, COM MUITAS A\u00c7\u00d5ES ESPECIAIS.<\/h2>\t\t<\/div>\n\t\t\t\t<\/div>\n\t\t\t\t\t<\/div>\n\t\t<\/div>\n\t\t\t\t\t\t\t<\/div>\n\t\t<\/section>\n\t\t\t\t<section class=\"elementor-section elementor-top-section elementor-element elementor-element-87a28bb elementor-section-full_width elementor-section-height-default elementor-section-height-default\" data-id=\"87a28bb\" data-element_type=\"section\">\n\t\t\t\t\t\t<div class=\"elementor-container elementor-column-gap-default\">\n\t\t\t\t\t<div class=\"elementor-column elementor-col-50 elementor-top-column elementor-element elementor-element-207a8df\" data-id=\"207a8df\" data-element_type=\"column\">\n\t\t\t<div class=\"elementor-widget-wrap elementor-element-populated\">\n\t\t\t\t\t\t\t\t<div class=\"elementor-element elementor-element-b30775f elementor-widget elementor-widget-heading\" data-id=\"b30775f\" data-element_type=\"widget\" data-widget_type=\"heading.default\">\n\t\t\t\t<div class=\"elementor-widget-container\">\n\t\t\t<h2 class=\"elementor-heading-title elementor-size-default\">DE ONDE VEM A SUA FOR\u00c7A?<\/h2>\t\t<\/div>\n\t\t\t\t<\/div>\n\t\t\t\t<div class=\"elementor-element elementor-element-b04a133 elementor-widget elementor-widget-text-editor\" data-id=\"b04a133\" data-element_type=\"widget\" data-widget_type=\"text-editor.default\">\n\t\t\t\t<div class=\"elementor-widget-container\">\n\t\t\t<style>\/*! elementor - v3.18.0 - 08-12-2023 *\/\n.elementor-widget-text-editor.elementor-drop-cap-view-stacked .elementor-drop-cap{background-color:#69727d;color:#fff}.elementor-widget-text-editor.elementor-drop-cap-view-framed .elementor-drop-cap{color:#69727d;border:3px solid;background-color:transparent}.elementor-widget-text-editor:not(.elementor-drop-cap-view-default) .elementor-drop-cap{margin-top:8px}.elementor-widget-text-editor:not(.elementor-drop-cap-view-default) .elementor-drop-cap-letter{width:1em;height:1em}.elementor-widget-text-editor .elementor-drop-cap{float:left;text-align:center;line-height:1;font-size:50px}.elementor-widget-text-editor .elementor-drop-cap-letter{display:inline-block}<\/style>\t\t\t\t<p>O v\u00eddeo-manifesto, lan\u00e7ado no dia 11 de janeiro, data do anivers\u00e1rio da STIHL no Brasil, foi o grande norteador da campanha dos 50 anos. O slogan \u201cA for\u00e7a para construir hist\u00f3rias\u201d passou a ser utilizado em todas as comunica\u00e7\u00f5es da marca no pa\u00eds.<\/p>\t\t\t\t\t\t<\/div>\n\t\t\t\t<\/div>\n\t\t\t\t<div class=\"elementor-element elementor-element-42c717d elementor-widget elementor-widget-image\" data-id=\"42c717d\" data-element_type=\"widget\" data-widget_type=\"image.default\">\n\t\t\t\t<div class=\"elementor-widget-container\">\n\t\t\t<style>\/*! elementor - v3.18.0 - 08-12-2023 *\/\n.elementor-widget-image{text-align:center}.elementor-widget-image a{display:inline-block}.elementor-widget-image a img[src$=\".svg\"]{width:48px}.elementor-widget-image img{vertical-align:middle;display:inline-block}<\/style>\t\t\t\t\t\t\t\t\t\t\t\t\t<a href=\"https:\/\/www.youtube.com\/watch?v=WttXwRjVxfQ%E2%80%AF\" target=\"_blank\">\n\t\t\t\t\t\t\t<img fetchpriority=\"high\" decoding=\"async\" width=\"580\" height=\"326\" src=\"https:\/\/newservicestihl.com\/wpp\/wp-content\/uploads\/2023\/12\/NS70-momento1.png\" class=\"attachment-large size-large wp-image-4230\" alt=\"\" srcset=\"https:\/\/newservicestihl.com\/wpp\/wp-content\/uploads\/2023\/12\/NS70-momento1.png 800w, https:\/\/newservicestihl.com\/wpp\/wp-content\/uploads\/2023\/12\/NS70-momento1-300x169.png 300w, https:\/\/newservicestihl.com\/wpp\/wp-content\/uploads\/2023\/12\/NS70-momento1-768x432.png 768w\" sizes=\"(max-width: 580px) 100vw, 580px\" \/>\t\t\t\t\t\t\t\t<\/a>\n\t\t\t\t\t\t\t\t\t\t\t\t\t\t\t<\/div>\n\t\t\t\t<\/div>\n\t\t\t\t<div class=\"elementor-element elementor-element-51a1888 elementor-widget elementor-widget-heading\" data-id=\"51a1888\" data-element_type=\"widget\" data-widget_type=\"heading.default\">\n\t\t\t\t<div class=\"elementor-widget-container\">\n\t\t\t<h2 class=\"elementor-heading-title elementor-size-default\">50 DICAS<\/h2>\t\t<\/div>\n\t\t\t\t<\/div>\n\t\t\t\t<div class=\"elementor-element elementor-element-9c3064a elementor-widget elementor-widget-text-editor\" data-id=\"9c3064a\" data-element_type=\"widget\" data-widget_type=\"text-editor.default\">\n\t\t\t\t<div class=\"elementor-widget-container\">\n\t\t\t\t\t\t\t<p>Dicas do universo STIHL tamb\u00e9m foram publicadas no perfil <a style=\"color: #f37a1f;\" href=\"https:\/\/www.instagram.com\/stihloficial\/\">@stihloficial<\/a> no Instagram. O objetivo foi fazer valer o prop\u00f3sito da marca \u201cFacilitar a vida das pessoas na natureza\u201d com recomenda\u00e7\u00f5es sobre o uso dos produtos e acess\u00f3rios, al\u00e9m de curiosidades e sugest\u00f5es.<\/p>\t\t\t\t\t\t<\/div>\n\t\t\t\t<\/div>\n\t\t\t\t<section class=\"elementor-section elementor-inner-section elementor-element elementor-element-430006c elementor-section-full_width elementor-section-height-default elementor-section-height-default\" data-id=\"430006c\" data-element_type=\"section\">\n\t\t\t\t\t\t<div class=\"elementor-container elementor-column-gap-default\">\n\t\t\t\t\t<div class=\"elementor-column elementor-col-50 elementor-inner-column elementor-element elementor-element-e770131\" data-id=\"e770131\" data-element_type=\"column\">\n\t\t\t<div class=\"elementor-widget-wrap elementor-element-populated\">\n\t\t\t\t\t\t\t\t<div class=\"elementor-element elementor-element-6c501b5 elementor-widget elementor-widget-image\" data-id=\"6c501b5\" data-element_type=\"widget\" data-widget_type=\"image.default\">\n\t\t\t\t<div class=\"elementor-widget-container\">\n\t\t\t\t\t\t\t\t\t\t\t\t\t\t\t\t<a href=\"https:\/\/www.instagram.com\/p\/CywYJerMDt8\/?igshid=MzRlODBiNWFlZA%3D%3D\" target=\"_blank\">\n\t\t\t\t\t\t\t<img decoding=\"async\" width=\"580\" height=\"580\" src=\"https:\/\/newservicestihl.com\/wpp\/wp-content\/uploads\/2023\/12\/1-1024x1024.jpg\" class=\"attachment-large size-large wp-image-4241\" alt=\"\" srcset=\"https:\/\/newservicestihl.com\/wpp\/wp-content\/uploads\/2023\/12\/1-1024x1024.jpg 1024w, https:\/\/newservicestihl.com\/wpp\/wp-content\/uploads\/2023\/12\/1-300x300.jpg 300w, https:\/\/newservicestihl.com\/wpp\/wp-content\/uploads\/2023\/12\/1-150x150.jpg 150w, https:\/\/newservicestihl.com\/wpp\/wp-content\/uploads\/2023\/12\/1-768x768.jpg 768w, https:\/\/newservicestihl.com\/wpp\/wp-content\/uploads\/2023\/12\/1.jpg 1080w\" sizes=\"(max-width: 580px) 100vw, 580px\" \/>\t\t\t\t\t\t\t\t<\/a>\n\t\t\t\t\t\t\t\t\t\t\t\t\t\t\t<\/div>\n\t\t\t\t<\/div>\n\t\t\t\t\t<\/div>\n\t\t<\/div>\n\t\t\t\t<div class=\"elementor-column elementor-col-50 elementor-inner-column elementor-element elementor-element-83e14df\" data-id=\"83e14df\" data-element_type=\"column\">\n\t\t\t<div class=\"elementor-widget-wrap elementor-element-populated\">\n\t\t\t\t\t\t\t\t<div class=\"elementor-element elementor-element-a376aa9 elementor-widget elementor-widget-image\" data-id=\"a376aa9\" data-element_type=\"widget\" data-widget_type=\"image.default\">\n\t\t\t\t<div class=\"elementor-widget-container\">\n\t\t\t\t\t\t\t\t\t\t\t\t\t\t\t\t<a href=\"https:\/\/www.instagram.com\/p\/Cy6YuM1N43q\/?igshid=MzRlODBiNWFlZA%3D%3D\" target=\"_blank\">\n\t\t\t\t\t\t\t<img decoding=\"async\" width=\"580\" height=\"580\" src=\"https:\/\/newservicestihl.com\/wpp\/wp-content\/uploads\/2023\/12\/2-1024x1024.jpg\" class=\"attachment-large size-large wp-image-4242\" alt=\"\" srcset=\"https:\/\/newservicestihl.com\/wpp\/wp-content\/uploads\/2023\/12\/2-1024x1024.jpg 1024w, https:\/\/newservicestihl.com\/wpp\/wp-content\/uploads\/2023\/12\/2-300x300.jpg 300w, https:\/\/newservicestihl.com\/wpp\/wp-content\/uploads\/2023\/12\/2-150x150.jpg 150w, https:\/\/newservicestihl.com\/wpp\/wp-content\/uploads\/2023\/12\/2-768x768.jpg 768w, https:\/\/newservicestihl.com\/wpp\/wp-content\/uploads\/2023\/12\/2.jpg 1080w\" sizes=\"(max-width: 580px) 100vw, 580px\" \/>\t\t\t\t\t\t\t\t<\/a>\n\t\t\t\t\t\t\t\t\t\t\t\t\t\t\t<\/div>\n\t\t\t\t<\/div>\n\t\t\t\t\t<\/div>\n\t\t<\/div>\n\t\t\t\t\t\t\t<\/div>\n\t\t<\/section>\n\t\t\t\t<div class=\"elementor-element elementor-element-831449f elementor-widget elementor-widget-heading\" data-id=\"831449f\" data-element_type=\"widget\" data-widget_type=\"heading.default\">\n\t\t\t\t<div class=\"elementor-widget-container\">\n\t\t\t<h2 class=\"elementor-heading-title elementor-size-default\">ENTREVISTA SR. HANS PETER STIHL<\/h2>\t\t<\/div>\n\t\t\t\t<\/div>\n\t\t\t\t<div class=\"elementor-element elementor-element-bd3e8b5 elementor-widget elementor-widget-text-editor\" data-id=\"bd3e8b5\" data-element_type=\"widget\" data-widget_type=\"text-editor.default\">\n\t\t\t\t<div class=\"elementor-widget-container\">\n\t\t\t\t\t\t\t<p>Sr. Hans Peter Stihl, filho do fundador da marca, concedeu uma entrevista exclusiva sobre o in\u00edcio da produ\u00e7\u00e3o no Brasil. Voc\u00ea pode assistir ao batepapo em v\u00eddeo em ingl\u00eas.<\/p>\t\t\t\t\t\t<\/div>\n\t\t\t\t<\/div>\n\t\t\t\t<div class=\"elementor-element elementor-element-dc25ab2 elementor-widget elementor-widget-image\" data-id=\"dc25ab2\" data-element_type=\"widget\" data-widget_type=\"image.default\">\n\t\t\t\t<div class=\"elementor-widget-container\">\n\t\t\t\t\t\t\t\t\t\t\t\t\t\t\t\t<a href=\"https:\/\/www.youtube.com\/watch?v=KGs__gFn2b8\" target=\"_blank\">\n\t\t\t\t\t\t\t<img loading=\"lazy\" decoding=\"async\" width=\"580\" height=\"326\" src=\"https:\/\/newservicestihl.com\/wpp\/wp-content\/uploads\/2023\/12\/NS70-momento3.png\" class=\"attachment-large size-large wp-image-4255\" alt=\"\" srcset=\"https:\/\/newservicestihl.com\/wpp\/wp-content\/uploads\/2023\/12\/NS70-momento3.png 800w, https:\/\/newservicestihl.com\/wpp\/wp-content\/uploads\/2023\/12\/NS70-momento3-300x169.png 300w, https:\/\/newservicestihl.com\/wpp\/wp-content\/uploads\/2023\/12\/NS70-momento3-768x432.png 768w\" sizes=\"(max-width: 580px) 100vw, 580px\" \/>\t\t\t\t\t\t\t\t<\/a>\n\t\t\t\t\t\t\t\t\t\t\t\t\t\t\t<\/div>\n\t\t\t\t<\/div>\n\t\t\t\t\t<\/div>\n\t\t<\/div>\n\t\t\t\t<div class=\"elementor-column elementor-col-50 elementor-top-column elementor-element elementor-element-24a183c\" data-id=\"24a183c\" data-element_type=\"column\">\n\t\t\t<div class=\"elementor-widget-wrap elementor-element-populated\">\n\t\t\t\t\t\t\t\t<div class=\"elementor-element elementor-element-75cff18 elementor-widget elementor-widget-heading\" data-id=\"75cff18\" data-element_type=\"widget\" data-widget_type=\"heading.default\">\n\t\t\t\t<div class=\"elementor-widget-container\">\n\t\t\t<h2 class=\"elementor-heading-title elementor-size-default\">WEBS\u00c9RIE <\/h2>\t\t<\/div>\n\t\t\t\t<\/div>\n\t\t\t\t<div class=\"elementor-element elementor-element-ed165f7 elementor-widget elementor-widget-text-editor\" data-id=\"ed165f7\" data-element_type=\"widget\" data-widget_type=\"text-editor.default\">\n\t\t\t\t<div class=\"elementor-widget-container\">\n\t\t\t\t\t\t\t<p>A webs\u00e9rie \u201cIdeias que Florescem na Amaz\u00f4nia\u201d retratou o trabalho do programa Florestas Comunit\u00e1rias, realizado pelo Instituto Floresta Tropical (IFT) com o apoio da STIHL, na Reserva Extrativista Ari\u00f3ca Pruan\u00e3. Em 5 epis\u00f3dios, o conte\u00fado veiculado no canal da marca no YouTube mostrou como o manejo sustent\u00e1vel \u00e9 capaz de gerar renda ao mesmo tempo que protege a floresta.<\/p>\t\t\t\t\t\t<\/div>\n\t\t\t\t<\/div>\n\t\t\t\t<div class=\"elementor-element elementor-element-e2229fc elementor-widget elementor-widget-image\" data-id=\"e2229fc\" data-element_type=\"widget\" data-widget_type=\"image.default\">\n\t\t\t\t<div class=\"elementor-widget-container\">\n\t\t\t\t\t\t\t\t\t\t\t\t\t\t\t\t<a href=\"https:\/\/www.youtube.com\/watch?v=UvTRSE1gj6k&#038;list=PLNP17vu5v5qU-dupw-IoBx06uRyIwUISj%20\" target=\"_blank\">\n\t\t\t\t\t\t\t<img loading=\"lazy\" decoding=\"async\" width=\"580\" height=\"326\" src=\"https:\/\/newservicestihl.com\/wpp\/wp-content\/uploads\/2023\/12\/NS70-momento4.png\" class=\"attachment-large size-large wp-image-4260\" alt=\"\" srcset=\"https:\/\/newservicestihl.com\/wpp\/wp-content\/uploads\/2023\/12\/NS70-momento4.png 800w, https:\/\/newservicestihl.com\/wpp\/wp-content\/uploads\/2023\/12\/NS70-momento4-300x169.png 300w, https:\/\/newservicestihl.com\/wpp\/wp-content\/uploads\/2023\/12\/NS70-momento4-768x432.png 768w\" sizes=\"(max-width: 580px) 100vw, 580px\" \/>\t\t\t\t\t\t\t\t<\/a>\n\t\t\t\t\t\t\t\t\t\t\t\t\t\t\t<\/div>\n\t\t\t\t<\/div>\n\t\t\t\t<div class=\"elementor-element elementor-element-5f91a1b elementor-widget elementor-widget-heading\" data-id=\"5f91a1b\" data-element_type=\"widget\" data-widget_type=\"heading.default\">\n\t\t\t\t<div class=\"elementor-widget-container\">\n\t\t\t<h2 class=\"elementor-heading-title elementor-size-default\">POSTS NOSTALGIA<\/h2>\t\t<\/div>\n\t\t\t\t<\/div>\n\t\t\t\t<div class=\"elementor-element elementor-element-5d893ed elementor-widget elementor-widget-text-editor\" data-id=\"5d893ed\" data-element_type=\"widget\" data-widget_type=\"text-editor.default\">\n\t\t\t\t<div class=\"elementor-widget-container\">\n\t\t\t\t\t\t\tComo \u00e9 bom relembrar momentos marcantes, n\u00e3o \u00e9 mesmo? Uma s\u00e9rie com curiosidades e recorda\u00e7\u00f5es foi publicada no perfil <a href=\"https:\/\/www.instagram.com\/stihloficial\/\" style=\"color:#f37a1f\">@stihloficial<\/a> no Instagram. Al\u00e9m de trazer aspectos da marca, tamb\u00e9m relacionou fatos hist\u00f3ricos que aconteceram desse per\u00edodo no pa\u00eds.\t\t\t\t\t\t<\/div>\n\t\t\t\t<\/div>\n\t\t\t\t<section class=\"elementor-section elementor-inner-section elementor-element elementor-element-763023e elementor-section-full_width elementor-section-height-default elementor-section-height-default\" data-id=\"763023e\" data-element_type=\"section\">\n\t\t\t\t\t\t<div class=\"elementor-container elementor-column-gap-default\">\n\t\t\t\t\t<div class=\"elementor-column elementor-col-50 elementor-inner-column elementor-element elementor-element-cc9efec\" data-id=\"cc9efec\" data-element_type=\"column\">\n\t\t\t<div class=\"elementor-widget-wrap elementor-element-populated\">\n\t\t\t\t\t\t\t\t<div class=\"elementor-element elementor-element-dfbc002 elementor-widget elementor-widget-image\" data-id=\"dfbc002\" data-element_type=\"widget\" data-widget_type=\"image.default\">\n\t\t\t\t<div class=\"elementor-widget-container\">\n\t\t\t\t\t\t\t\t\t\t\t\t\t\t\t\t<a href=\"https:\/\/www.instagram.com\/p\/CrOf0JiMXYn\/\" target=\"_blank\">\n\t\t\t\t\t\t\t<img loading=\"lazy\" decoding=\"async\" width=\"580\" height=\"580\" src=\"https:\/\/newservicestihl.com\/wpp\/wp-content\/uploads\/2023\/12\/NS70-momento6-1024x1024.jpg\" class=\"attachment-large size-large wp-image-4265\" alt=\"\" srcset=\"https:\/\/newservicestihl.com\/wpp\/wp-content\/uploads\/2023\/12\/NS70-momento6-1024x1024.jpg 1024w, https:\/\/newservicestihl.com\/wpp\/wp-content\/uploads\/2023\/12\/NS70-momento6-300x300.jpg 300w, https:\/\/newservicestihl.com\/wpp\/wp-content\/uploads\/2023\/12\/NS70-momento6-150x150.jpg 150w, https:\/\/newservicestihl.com\/wpp\/wp-content\/uploads\/2023\/12\/NS70-momento6-768x768.jpg 768w, https:\/\/newservicestihl.com\/wpp\/wp-content\/uploads\/2023\/12\/NS70-momento6.jpg 1080w\" sizes=\"(max-width: 580px) 100vw, 580px\" \/>\t\t\t\t\t\t\t\t<\/a>\n\t\t\t\t\t\t\t\t\t\t\t\t\t\t\t<\/div>\n\t\t\t\t<\/div>\n\t\t\t\t\t<\/div>\n\t\t<\/div>\n\t\t\t\t<div class=\"elementor-column elementor-col-50 elementor-inner-column elementor-element elementor-element-81b5ffa\" data-id=\"81b5ffa\" data-element_type=\"column\">\n\t\t\t<div class=\"elementor-widget-wrap elementor-element-populated\">\n\t\t\t\t\t\t\t\t<div class=\"elementor-element elementor-element-9e758b9 elementor-widget elementor-widget-image\" data-id=\"9e758b9\" data-element_type=\"widget\" data-widget_type=\"image.default\">\n\t\t\t\t<div class=\"elementor-widget-container\">\n\t\t\t\t\t\t\t\t\t\t\t\t\t\t\t\t<a href=\"https:\/\/www.instagram.com\/p\/CsFI0jbN5bn\/?utm_source=ig_web_copy_link&#038;igshid=MzRlODBiNWFlZA%3D%3D\" target=\"_blank\">\n\t\t\t\t\t\t\t<img loading=\"lazy\" decoding=\"async\" width=\"580\" height=\"580\" src=\"https:\/\/newservicestihl.com\/wpp\/wp-content\/uploads\/2023\/12\/NS70-momentos5.jpg\" class=\"attachment-large size-large wp-image-4266\" alt=\"\" srcset=\"https:\/\/newservicestihl.com\/wpp\/wp-content\/uploads\/2023\/12\/NS70-momentos5.jpg 640w, https:\/\/newservicestihl.com\/wpp\/wp-content\/uploads\/2023\/12\/NS70-momentos5-300x300.jpg 300w, https:\/\/newservicestihl.com\/wpp\/wp-content\/uploads\/2023\/12\/NS70-momentos5-150x150.jpg 150w\" sizes=\"(max-width: 580px) 100vw, 580px\" \/>\t\t\t\t\t\t\t\t<\/a>\n\t\t\t\t\t\t\t\t\t\t\t\t\t\t\t<\/div>\n\t\t\t\t<\/div>\n\t\t\t\t\t<\/div>\n\t\t<\/div>\n\t\t\t\t\t\t\t<\/div>\n\t\t<\/section>\n\t\t\t\t<div class=\"elementor-element elementor-element-6b8677a elementor-widget elementor-widget-heading\" data-id=\"6b8677a\" data-element_type=\"widget\" data-widget_type=\"heading.default\">\n\t\t\t\t<div class=\"elementor-widget-container\">\n\t\t\t<h2 class=\"elementor-heading-title elementor-size-default\">HIST\u00d3RIAS EM V\u00cdDEOS<\/h2>\t\t<\/div>\n\t\t\t\t<\/div>\n\t\t\t\t<div class=\"elementor-element elementor-element-c69a029 elementor-widget elementor-widget-text-editor\" data-id=\"c69a029\" data-element_type=\"widget\" data-widget_type=\"text-editor.default\">\n\t\t\t\t<div class=\"elementor-widget-container\">\n\t\t\t\t\t\t\t<p>Al\u00e9m das tradicionais hist\u00f3rias de clientes finais contadas no canal da marca no YouTube, neste ano outros p\u00fablicos tamb\u00e9m contaram suas trajet\u00f3rias, como revendedores, participantes de projetos sociais e colaboradores.<\/p>\t\t\t\t\t\t<\/div>\n\t\t\t\t<\/div>\n\t\t\t\t<div class=\"elementor-element elementor-element-c6bfa6d elementor-widget elementor-widget-image\" data-id=\"c6bfa6d\" data-element_type=\"widget\" data-widget_type=\"image.default\">\n\t\t\t\t<div class=\"elementor-widget-container\">\n\t\t\t\t\t\t\t\t\t\t\t\t\t\t\t\t<a href=\"https:\/\/www.youtube.com\/watch?v=EqdyBg-pNY0&#038;list=PLNP17vu5v5qV_YFXUKS9bt4sKELvRqx_Y\" target=\"_blank\">\n\t\t\t\t\t\t\t<img loading=\"lazy\" decoding=\"async\" width=\"580\" height=\"326\" src=\"https:\/\/newservicestihl.com\/wpp\/wp-content\/uploads\/2023\/12\/NS70-momento7.png\" class=\"attachment-large size-large wp-image-4273\" alt=\"\" srcset=\"https:\/\/newservicestihl.com\/wpp\/wp-content\/uploads\/2023\/12\/NS70-momento7.png 800w, https:\/\/newservicestihl.com\/wpp\/wp-content\/uploads\/2023\/12\/NS70-momento7-300x169.png 300w, https:\/\/newservicestihl.com\/wpp\/wp-content\/uploads\/2023\/12\/NS70-momento7-768x432.png 768w\" sizes=\"(max-width: 580px) 100vw, 580px\" \/>\t\t\t\t\t\t\t\t<\/a>\n\t\t\t\t\t\t\t\t\t\t\t\t\t\t\t<\/div>\n\t\t\t\t<\/div>\n\t\t\t\t\t<\/div>\n\t\t<\/div>\n\t\t\t\t\t\t\t<\/div>\n\t\t<\/section>\n\t\t\t\t<section class=\"elementor-section elementor-top-section elementor-element elementor-element-9f622ec elementor-section-full_width elementor-section-height-default elementor-section-height-default\" data-id=\"9f622ec\" data-element_type=\"section\">\n\t\t\t\t\t\t<div class=\"elementor-container elementor-column-gap-default\">\n\t\t\t\t\t<div class=\"elementor-column elementor-col-100 elementor-top-column elementor-element elementor-element-e720c53\" data-id=\"e720c53\" data-element_type=\"column\">\n\t\t\t<div class=\"elementor-widget-wrap elementor-element-populated\">\n\t\t\t\t\t\t\t\t<div class=\"elementor-element elementor-element-a767c4b elementor-widget elementor-widget-heading\" data-id=\"a767c4b\" data-element_type=\"widget\" data-widget_type=\"heading.default\">\n\t\t\t\t<div class=\"elementor-widget-container\">\n\t\t\t<h2 class=\"elementor-heading-title elementor-size-default\">COLE\u00c7\u00c3O ESPECIAL 50 ANOS<\/h2>\t\t<\/div>\n\t\t\t\t<\/div>\n\t\t\t\t<div class=\"elementor-element elementor-element-7a03c6b elementor-widget elementor-widget-text-editor\" data-id=\"7a03c6b\" data-element_type=\"widget\" data-widget_type=\"text-editor.default\">\n\t\t\t\t<div class=\"elementor-widget-container\">\n\t\t\t\t\t\t\t<p>Itens exclusivos foram produzidos para marcar os 50 anos da marca no Brasil, fazendo sucesso em feiras e lojas do pa\u00eds.<\/p>\t\t\t\t\t\t<\/div>\n\t\t\t\t<\/div>\n\t\t\t\t<div class=\"elementor-element elementor-element-965aae6 elementor-widget elementor-widget-image\" data-id=\"965aae6\" data-element_type=\"widget\" data-widget_type=\"image.default\">\n\t\t\t\t<div class=\"elementor-widget-container\">\n\t\t\t\t\t\t\t\t\t\t\t\t\t\t\t<img loading=\"lazy\" decoding=\"async\" width=\"800\" height=\"450\" src=\"https:\/\/newservicestihl.com\/wpp\/wp-content\/uploads\/2023\/12\/NS70-momento8.png\" class=\"attachment-full size-full wp-image-4284\" alt=\"\" srcset=\"https:\/\/newservicestihl.com\/wpp\/wp-content\/uploads\/2023\/12\/NS70-momento8.png 800w, https:\/\/newservicestihl.com\/wpp\/wp-content\/uploads\/2023\/12\/NS70-momento8-300x169.png 300w, https:\/\/newservicestihl.com\/wpp\/wp-content\/uploads\/2023\/12\/NS70-momento8-768x432.png 768w\" sizes=\"(max-width: 800px) 100vw, 800px\" \/>\t\t\t\t\t\t\t\t\t\t\t\t\t\t\t<\/div>\n\t\t\t\t<\/div>\n\t\t\t\t\t<\/div>\n\t\t<\/div>\n\t\t\t\t\t\t\t<\/div>\n\t\t<\/section>\n\t\t\t\t<section class=\"elementor-section elementor-top-section elementor-element elementor-element-ae6dd6f elementor-section-full_width elementor-section-height-default elementor-section-height-default\" data-id=\"ae6dd6f\" data-element_type=\"section\" data-settings=\"{&quot;background_background&quot;:&quot;classic&quot;}\">\n\t\t\t\t\t\t<div class=\"elementor-container elementor-column-gap-default\">\n\t\t\t\t\t<div class=\"elementor-column elementor-col-33 elementor-top-column elementor-element elementor-element-8e29775\" data-id=\"8e29775\" data-element_type=\"column\">\n\t\t\t<div class=\"elementor-widget-wrap elementor-element-populated\">\n\t\t\t\t\t\t\t\t<div class=\"elementor-element elementor-element-de4e7bb elementor-widget elementor-widget-image\" data-id=\"de4e7bb\" data-element_type=\"widget\" data-widget_type=\"image.default\">\n\t\t\t\t<div class=\"elementor-widget-container\">\n\t\t\t\t\t\t\t\t\t\t\t\t\t\t\t<img loading=\"lazy\" decoding=\"async\" width=\"580\" height=\"375\" src=\"https:\/\/newservicestihl.com\/wpp\/wp-content\/uploads\/2023\/12\/NS70-momentoPerguntas-1024x662.jpg\" class=\"attachment-large size-large wp-image-4280\" alt=\"\" srcset=\"https:\/\/newservicestihl.com\/wpp\/wp-content\/uploads\/2023\/12\/NS70-momentoPerguntas-1024x662.jpg 1024w, https:\/\/newservicestihl.com\/wpp\/wp-content\/uploads\/2023\/12\/NS70-momentoPerguntas-300x194.jpg 300w, https:\/\/newservicestihl.com\/wpp\/wp-content\/uploads\/2023\/12\/NS70-momentoPerguntas-768x497.jpg 768w, https:\/\/newservicestihl.com\/wpp\/wp-content\/uploads\/2023\/12\/NS70-momentoPerguntas.jpg 1113w\" sizes=\"(max-width: 580px) 100vw, 580px\" \/>\t\t\t\t\t\t\t\t\t\t\t\t\t\t\t<\/div>\n\t\t\t\t<\/div>\n\t\t\t\t\t<\/div>\n\t\t<\/div>\n\t\t\t\t<div class=\"elementor-column elementor-col-66 elementor-top-column elementor-element elementor-element-3bdf99e\" data-id=\"3bdf99e\" data-element_type=\"column\">\n\t\t\t<div class=\"elementor-widget-wrap elementor-element-populated\">\n\t\t\t\t\t\t\t\t<div class=\"elementor-element elementor-element-7c586bd elementor-widget elementor-widget-heading\" data-id=\"7c586bd\" data-element_type=\"widget\" data-widget_type=\"heading.default\">\n\t\t\t\t<div class=\"elementor-widget-container\">\n\t\t\t<h2 class=\"elementor-heading-title elementor-size-default\">VOC\u00ca TEM ALGUMA PERGUNTA?<br> ENTRE EM CONTATO!<\/h2>\t\t<\/div>\n\t\t\t\t<\/div>\n\t\t\t\t<div class=\"elementor-element elementor-element-5d834ad elementor-widget elementor-widget-text-editor\" data-id=\"5d834ad\" data-element_type=\"widget\" data-widget_type=\"text-editor.default\">\n\t\t\t\t<div class=\"elementor-widget-container\">\n\t\t\t\t\t\t\t<p><strong>Rafael Zanoni<\/strong><br \/><a href=\"https:\/\/wa.me\/+5551992348423\">+55 51 99234\u20138423<\/a><br \/><a href=\"mailto:rafael.zanoni@stihl.com.br\">rafael.zanoni@stihl.com.br<\/a><\/p>\t\t\t\t\t\t<\/div>\n\t\t\t\t<\/div>\n\t\t\t\t\t<\/div>\n\t\t<\/div>\n\t\t\t\t\t\t\t<\/div>\n\t\t<\/section>\n\t\t\t\t\t\t\t<\/div>\n\t\t","protected":false},"excerpt":{"rendered":"<p>O CINQUENTEN\u00c1RIO DE PRODU\u00c7\u00c3O DA STIHL NO BRASIL FOI CELEBRADO DURANTE TODO O ANO DE 2023, COM MUITAS A\u00c7\u00d5ES ESPECIAIS. DE ONDE VEM A SUA FOR\u00c7A? O v\u00eddeo-manifesto, lan\u00e7ado no dia 11 de janeiro, data do anivers\u00e1rio da STIHL no Brasil, foi o grande norteador da campanha dos 50 anos. O slogan \u201cA for\u00e7a para [&hellip;]<\/p>\n","protected":false},"author":1,"featured_media":4291,"comment_status":"open","ping_status":"open","sticky":false,"template":"","format":"standard","meta":{"footnotes":""},"categories":[138],"tags":[25],"class_list":["post-3983","post","type-post","status-publish","format-standard","has-post-thumbnail","hentry","category-ns70","tag-momentos"],"_links":{"self":[{"href":"https:\/\/newservicestihl.com\/wpp\/wp-json\/wp\/v2\/posts\/3983","targetHints":{"allow":["GET"]}}],"collection":[{"href":"https:\/\/newservicestihl.com\/wpp\/wp-json\/wp\/v2\/posts"}],"about":[{"href":"https:\/\/newservicestihl.com\/wpp\/wp-json\/wp\/v2\/types\/post"}],"author":[{"embeddable":true,"href":"https:\/\/newservicestihl.com\/wpp\/wp-json\/wp\/v2\/users\/1"}],"replies":[{"embeddable":true,"href":"https:\/\/newservicestihl.com\/wpp\/wp-json\/wp\/v2\/comments?post=3983"}],"version-history":[{"count":97,"href":"https:\/\/newservicestihl.com\/wpp\/wp-json\/wp\/v2\/posts\/3983\/revisions"}],"predecessor-version":[{"id":4426,"href":"https:\/\/newservicestihl.com\/wpp\/wp-json\/wp\/v2\/posts\/3983\/revisions\/4426"}],"wp:featuredmedia":[{"embeddable":true,"href":"https:\/\/newservicestihl.com\/wpp\/wp-json\/wp\/v2\/media\/4291"}],"wp:attachment":[{"href":"https:\/\/newservicestihl.com\/wpp\/wp-json\/wp\/v2\/media?parent=3983"}],"wp:term":[{"taxonomy":"category","embeddable":true,"href":"https:\/\/newservicestihl.com\/wpp\/wp-json\/wp\/v2\/categories?post=3983"},{"taxonomy":"post_tag","embeddable":true,"href":"https:\/\/newservicestihl.com\/wpp\/wp-json\/wp\/v2\/tags?post=3983"}],"curies":[{"name":"wp","href":"https:\/\/api.w.org\/{rel}","templated":true}]}}