{"id":4430,"date":"2023-12-15T19:19:19","date_gmt":"2023-12-15T22:19:19","guid":{"rendered":"https:\/\/newservicestihl.com\/wpp\/?p=4430"},"modified":"2023-12-18T17:01:49","modified_gmt":"2023-12-18T20:01:49","slug":"50-anos-celebrados-con-exito","status":"publish","type":"post","link":"https:\/\/newservicestihl.com\/wpp\/es\/50-anos-celebrados-con-exito\/","title":{"rendered":"50 a\u00f1os celebrados con \u00e9xito"},"content":{"rendered":"\t\t<div data-elementor-type=\"wp-post\" data-elementor-id=\"4430\" class=\"elementor elementor-4430\">\n\t\t\t\t\t\t\t\t\t<section class=\"elementor-section elementor-top-section elementor-element elementor-element-99c01a6 elementor-section-full_width elementor-section-height-default elementor-section-height-default\" data-id=\"99c01a6\" data-element_type=\"section\">\n\t\t\t\t\t\t<div class=\"elementor-container elementor-column-gap-default\">\n\t\t\t\t\t<div class=\"elementor-column elementor-col-100 elementor-top-column elementor-element elementor-element-482d5ef\" data-id=\"482d5ef\" data-element_type=\"column\">\n\t\t\t<div class=\"elementor-widget-wrap elementor-element-populated\">\n\t\t\t\t\t\t\t\t<div class=\"elementor-element elementor-element-3080b09 elementor-widget elementor-widget-heading\" data-id=\"3080b09\" data-element_type=\"widget\" data-widget_type=\"heading.default\">\n\t\t\t\t<div class=\"elementor-widget-container\">\n\t\t\t<style>\/*! elementor - v3.18.0 - 08-12-2023 *\/\n.elementor-heading-title{padding:0;margin:0;line-height:1}.elementor-widget-heading .elementor-heading-title[class*=elementor-size-]>a{color:inherit;font-size:inherit;line-height:inherit}.elementor-widget-heading .elementor-heading-title.elementor-size-small{font-size:15px}.elementor-widget-heading .elementor-heading-title.elementor-size-medium{font-size:19px}.elementor-widget-heading .elementor-heading-title.elementor-size-large{font-size:29px}.elementor-widget-heading .elementor-heading-title.elementor-size-xl{font-size:39px}.elementor-widget-heading .elementor-heading-title.elementor-size-xxl{font-size:59px}<\/style><h2 class=\"elementor-heading-title elementor-size-default\">EL QUINCUAG\u00c9SIMO ANIVERSARIO DE PRODUCCI\u00d3N DE STIHL EN BRASIL FUE\nCELEBRADO DURANTE TODO EL A\u00d1O 2023 CON NUMEROSAS ACCIONES ESPECIALES.<\/h2>\t\t<\/div>\n\t\t\t\t<\/div>\n\t\t\t\t\t<\/div>\n\t\t<\/div>\n\t\t\t\t\t\t\t<\/div>\n\t\t<\/section>\n\t\t\t\t<section class=\"elementor-section elementor-top-section elementor-element elementor-element-87a28bb elementor-section-full_width elementor-section-height-default elementor-section-height-default\" data-id=\"87a28bb\" data-element_type=\"section\">\n\t\t\t\t\t\t<div class=\"elementor-container elementor-column-gap-default\">\n\t\t\t\t\t<div class=\"elementor-column elementor-col-50 elementor-top-column elementor-element elementor-element-207a8df\" data-id=\"207a8df\" data-element_type=\"column\">\n\t\t\t<div class=\"elementor-widget-wrap elementor-element-populated\">\n\t\t\t\t\t\t\t\t<div class=\"elementor-element elementor-element-b30775f elementor-widget elementor-widget-heading\" data-id=\"b30775f\" data-element_type=\"widget\" data-widget_type=\"heading.default\">\n\t\t\t\t<div class=\"elementor-widget-container\">\n\t\t\t<h2 class=\"elementor-heading-title elementor-size-default\">\u00bfDE D\u00d3NDE VIENE SU FUERZA? <\/h2>\t\t<\/div>\n\t\t\t\t<\/div>\n\t\t\t\t<div class=\"elementor-element elementor-element-b04a133 elementor-widget elementor-widget-text-editor\" data-id=\"b04a133\" data-element_type=\"widget\" data-widget_type=\"text-editor.default\">\n\t\t\t\t<div class=\"elementor-widget-container\">\n\t\t\t<style>\/*! elementor - v3.18.0 - 08-12-2023 *\/\n.elementor-widget-text-editor.elementor-drop-cap-view-stacked .elementor-drop-cap{background-color:#69727d;color:#fff}.elementor-widget-text-editor.elementor-drop-cap-view-framed .elementor-drop-cap{color:#69727d;border:3px solid;background-color:transparent}.elementor-widget-text-editor:not(.elementor-drop-cap-view-default) .elementor-drop-cap{margin-top:8px}.elementor-widget-text-editor:not(.elementor-drop-cap-view-default) .elementor-drop-cap-letter{width:1em;height:1em}.elementor-widget-text-editor .elementor-drop-cap{float:left;text-align:center;line-height:1;font-size:50px}.elementor-widget-text-editor .elementor-drop-cap-letter{display:inline-block}<\/style>\t\t\t\t<p>El video-manifiesto, lanzado el 11 de enero, fecha del aniversario de STIHL en Brasil, fue el gran orientador de la campa\u00f1a de los 50 a\u00f1os. El lema \u201cLa fuerza para construir historias\u201d se adopt\u00f3 en todas las comunicaciones de la marca en el pa\u00eds<\/p>\t\t\t\t\t\t<\/div>\n\t\t\t\t<\/div>\n\t\t\t\t<div class=\"elementor-element elementor-element-42c717d elementor-widget elementor-widget-image\" data-id=\"42c717d\" data-element_type=\"widget\" data-widget_type=\"image.default\">\n\t\t\t\t<div class=\"elementor-widget-container\">\n\t\t\t<style>\/*! elementor - v3.18.0 - 08-12-2023 *\/\n.elementor-widget-image{text-align:center}.elementor-widget-image a{display:inline-block}.elementor-widget-image a img[src$=\".svg\"]{width:48px}.elementor-widget-image img{vertical-align:middle;display:inline-block}<\/style>\t\t\t\t\t\t\t\t\t\t\t\t\t<a href=\"https:\/\/www.youtube.com\/watch?v=WttXwRjVxfQ%E2%80%AF\" target=\"_blank\">\n\t\t\t\t\t\t\t<img fetchpriority=\"high\" decoding=\"async\" width=\"580\" height=\"326\" src=\"https:\/\/newservicestihl.com\/wpp\/wp-content\/uploads\/2023\/12\/NS70-momento1.png\" class=\"attachment-large size-large wp-image-4230\" alt=\"\" srcset=\"https:\/\/newservicestihl.com\/wpp\/wp-content\/uploads\/2023\/12\/NS70-momento1.png 800w, https:\/\/newservicestihl.com\/wpp\/wp-content\/uploads\/2023\/12\/NS70-momento1-300x169.png 300w, https:\/\/newservicestihl.com\/wpp\/wp-content\/uploads\/2023\/12\/NS70-momento1-768x432.png 768w\" sizes=\"(max-width: 580px) 100vw, 580px\" \/>\t\t\t\t\t\t\t\t<\/a>\n\t\t\t\t\t\t\t\t\t\t\t\t\t\t\t<\/div>\n\t\t\t\t<\/div>\n\t\t\t\t<div class=\"elementor-element elementor-element-51a1888 elementor-widget elementor-widget-heading\" data-id=\"51a1888\" data-element_type=\"widget\" data-widget_type=\"heading.default\">\n\t\t\t\t<div class=\"elementor-widget-container\">\n\t\t\t<h2 class=\"elementor-heading-title elementor-size-default\">50 CONSEJOS<\/h2>\t\t<\/div>\n\t\t\t\t<\/div>\n\t\t\t\t<div class=\"elementor-element elementor-element-9c3064a elementor-widget elementor-widget-text-editor\" data-id=\"9c3064a\" data-element_type=\"widget\" data-widget_type=\"text-editor.default\">\n\t\t\t\t<div class=\"elementor-widget-container\">\n\t\t\t\t\t\t\tConsejos del universo STIHL tambi\u00e9n se publicaron en el perfil <a href=\"https:\/\/www.instagram.com\/stihloficial\/\" style=\"color: #f37a1f\">@stihloficial<\/a> en Instagram. El objetivo fue hacer valer el prop\u00f3sito de la marca \u201cFacilitar la vida de las personas en la naturaleza\u201d con recomendaciones sobre el uso de productos y accesorios, adem\u00e1s de curiosidades y sugerencias.\t\t\t\t\t\t<\/div>\n\t\t\t\t<\/div>\n\t\t\t\t<section class=\"elementor-section elementor-inner-section elementor-element elementor-element-430006c elementor-section-full_width elementor-section-height-default elementor-section-height-default\" data-id=\"430006c\" data-element_type=\"section\">\n\t\t\t\t\t\t<div class=\"elementor-container elementor-column-gap-default\">\n\t\t\t\t\t<div class=\"elementor-column elementor-col-50 elementor-inner-column elementor-element elementor-element-e770131\" data-id=\"e770131\" data-element_type=\"column\">\n\t\t\t<div class=\"elementor-widget-wrap elementor-element-populated\">\n\t\t\t\t\t\t\t\t<div class=\"elementor-element elementor-element-6c501b5 elementor-widget elementor-widget-image\" data-id=\"6c501b5\" data-element_type=\"widget\" data-widget_type=\"image.default\">\n\t\t\t\t<div class=\"elementor-widget-container\">\n\t\t\t\t\t\t\t\t\t\t\t\t\t\t\t\t<a href=\"https:\/\/www.instagram.com\/p\/CywYJerMDt8\/?igshid=MzRlODBiNWFlZA%3D%3D\" target=\"_blank\">\n\t\t\t\t\t\t\t<img decoding=\"async\" width=\"580\" height=\"580\" src=\"https:\/\/newservicestihl.com\/wpp\/wp-content\/uploads\/2023\/12\/1-1024x1024.jpg\" class=\"attachment-large size-large wp-image-4241\" alt=\"\" srcset=\"https:\/\/newservicestihl.com\/wpp\/wp-content\/uploads\/2023\/12\/1-1024x1024.jpg 1024w, https:\/\/newservicestihl.com\/wpp\/wp-content\/uploads\/2023\/12\/1-300x300.jpg 300w, https:\/\/newservicestihl.com\/wpp\/wp-content\/uploads\/2023\/12\/1-150x150.jpg 150w, https:\/\/newservicestihl.com\/wpp\/wp-content\/uploads\/2023\/12\/1-768x768.jpg 768w, https:\/\/newservicestihl.com\/wpp\/wp-content\/uploads\/2023\/12\/1.jpg 1080w\" sizes=\"(max-width: 580px) 100vw, 580px\" \/>\t\t\t\t\t\t\t\t<\/a>\n\t\t\t\t\t\t\t\t\t\t\t\t\t\t\t<\/div>\n\t\t\t\t<\/div>\n\t\t\t\t\t<\/div>\n\t\t<\/div>\n\t\t\t\t<div class=\"elementor-column elementor-col-50 elementor-inner-column elementor-element elementor-element-83e14df\" data-id=\"83e14df\" data-element_type=\"column\">\n\t\t\t<div class=\"elementor-widget-wrap elementor-element-populated\">\n\t\t\t\t\t\t\t\t<div class=\"elementor-element elementor-element-a376aa9 elementor-widget elementor-widget-image\" data-id=\"a376aa9\" data-element_type=\"widget\" data-widget_type=\"image.default\">\n\t\t\t\t<div class=\"elementor-widget-container\">\n\t\t\t\t\t\t\t\t\t\t\t\t\t\t\t\t<a href=\"https:\/\/www.instagram.com\/p\/Cy6YuM1N43q\/?igshid=MzRlODBiNWFlZA%3D%3D\" target=\"_blank\">\n\t\t\t\t\t\t\t<img decoding=\"async\" width=\"580\" height=\"580\" src=\"https:\/\/newservicestihl.com\/wpp\/wp-content\/uploads\/2023\/12\/2-1024x1024.jpg\" class=\"attachment-large size-large wp-image-4242\" alt=\"\" srcset=\"https:\/\/newservicestihl.com\/wpp\/wp-content\/uploads\/2023\/12\/2-1024x1024.jpg 1024w, https:\/\/newservicestihl.com\/wpp\/wp-content\/uploads\/2023\/12\/2-300x300.jpg 300w, https:\/\/newservicestihl.com\/wpp\/wp-content\/uploads\/2023\/12\/2-150x150.jpg 150w, https:\/\/newservicestihl.com\/wpp\/wp-content\/uploads\/2023\/12\/2-768x768.jpg 768w, https:\/\/newservicestihl.com\/wpp\/wp-content\/uploads\/2023\/12\/2.jpg 1080w\" sizes=\"(max-width: 580px) 100vw, 580px\" \/>\t\t\t\t\t\t\t\t<\/a>\n\t\t\t\t\t\t\t\t\t\t\t\t\t\t\t<\/div>\n\t\t\t\t<\/div>\n\t\t\t\t\t<\/div>\n\t\t<\/div>\n\t\t\t\t\t\t\t<\/div>\n\t\t<\/section>\n\t\t\t\t<div class=\"elementor-element elementor-element-831449f elementor-widget elementor-widget-heading\" data-id=\"831449f\" data-element_type=\"widget\" data-widget_type=\"heading.default\">\n\t\t\t\t<div class=\"elementor-widget-container\">\n\t\t\t<h2 class=\"elementor-heading-title elementor-size-default\">ENTREVISTA SR. HANS PETER STIHL<\/h2>\t\t<\/div>\n\t\t\t\t<\/div>\n\t\t\t\t<div class=\"elementor-element elementor-element-bd3e8b5 elementor-widget elementor-widget-text-editor\" data-id=\"bd3e8b5\" data-element_type=\"widget\" data-widget_type=\"text-editor.default\">\n\t\t\t\t<div class=\"elementor-widget-container\">\n\t\t\t\t\t\t\t<p>El Sr. Hans Peter Stihl, hijo del fundador de la marca, concedi\u00f3 una entrevista exclusiva sobre el inicio de la producci\u00f3n en Brasil. Puede ver la conversaci\u00f3n en video en ingl\u00e9s.<\/p>\t\t\t\t\t\t<\/div>\n\t\t\t\t<\/div>\n\t\t\t\t<div class=\"elementor-element elementor-element-dc25ab2 elementor-widget elementor-widget-image\" data-id=\"dc25ab2\" data-element_type=\"widget\" data-widget_type=\"image.default\">\n\t\t\t\t<div class=\"elementor-widget-container\">\n\t\t\t\t\t\t\t\t\t\t\t\t\t\t\t\t<a href=\"https:\/\/www.youtube.com\/watch?v=KGs__gFn2b8\" target=\"_blank\">\n\t\t\t\t\t\t\t<img loading=\"lazy\" decoding=\"async\" width=\"580\" height=\"326\" src=\"https:\/\/newservicestihl.com\/wpp\/wp-content\/uploads\/2023\/12\/NS70-momento3.png\" class=\"attachment-large size-large wp-image-4255\" alt=\"\" srcset=\"https:\/\/newservicestihl.com\/wpp\/wp-content\/uploads\/2023\/12\/NS70-momento3.png 800w, https:\/\/newservicestihl.com\/wpp\/wp-content\/uploads\/2023\/12\/NS70-momento3-300x169.png 300w, https:\/\/newservicestihl.com\/wpp\/wp-content\/uploads\/2023\/12\/NS70-momento3-768x432.png 768w\" sizes=\"(max-width: 580px) 100vw, 580px\" \/>\t\t\t\t\t\t\t\t<\/a>\n\t\t\t\t\t\t\t\t\t\t\t\t\t\t\t<\/div>\n\t\t\t\t<\/div>\n\t\t\t\t\t<\/div>\n\t\t<\/div>\n\t\t\t\t<div class=\"elementor-column elementor-col-50 elementor-top-column elementor-element elementor-element-24a183c\" data-id=\"24a183c\" data-element_type=\"column\">\n\t\t\t<div class=\"elementor-widget-wrap elementor-element-populated\">\n\t\t\t\t\t\t\t\t<div class=\"elementor-element elementor-element-75cff18 elementor-widget elementor-widget-heading\" data-id=\"75cff18\" data-element_type=\"widget\" data-widget_type=\"heading.default\">\n\t\t\t\t<div class=\"elementor-widget-container\">\n\t\t\t<h2 class=\"elementor-heading-title elementor-size-default\">WEBS\u00c9RIE <\/h2>\t\t<\/div>\n\t\t\t\t<\/div>\n\t\t\t\t<div class=\"elementor-element elementor-element-ed165f7 elementor-widget elementor-widget-text-editor\" data-id=\"ed165f7\" data-element_type=\"widget\" data-widget_type=\"text-editor.default\">\n\t\t\t\t<div class=\"elementor-widget-container\">\n\t\t\t\t\t\t\t<p>La webs\u00e9rie \u201cIdeias que Florescem na Amaz\u00f4nia\u201d retrat\u00f3 el trabajo del programa Florestas Comunit\u00e1rias, realizado por el Instituto Floresta Tropical (IFT) con el apoyo de STIHL, en la Reserva Extrativista Ari\u00f3ca Pruan\u00e3. En 5 episodios, el contenido transmitido en el canal de la marca en YouTube mostr\u00f3 c\u00f3mo el manejo sostenible puede generar ingresos al mismo tiempo que protege la selva.<\/p>\t\t\t\t\t\t<\/div>\n\t\t\t\t<\/div>\n\t\t\t\t<div class=\"elementor-element elementor-element-e2229fc elementor-widget elementor-widget-image\" data-id=\"e2229fc\" data-element_type=\"widget\" data-widget_type=\"image.default\">\n\t\t\t\t<div class=\"elementor-widget-container\">\n\t\t\t\t\t\t\t\t\t\t\t\t\t\t\t\t<a href=\"https:\/\/www.youtube.com\/watch?v=UvTRSE1gj6k&#038;list=PLNP17vu5v5qU-dupw-IoBx06uRyIwUISj%20\" target=\"_blank\">\n\t\t\t\t\t\t\t<img loading=\"lazy\" decoding=\"async\" width=\"580\" height=\"326\" src=\"https:\/\/newservicestihl.com\/wpp\/wp-content\/uploads\/2023\/12\/NS70-momento4.png\" class=\"attachment-large size-large wp-image-4260\" alt=\"\" srcset=\"https:\/\/newservicestihl.com\/wpp\/wp-content\/uploads\/2023\/12\/NS70-momento4.png 800w, https:\/\/newservicestihl.com\/wpp\/wp-content\/uploads\/2023\/12\/NS70-momento4-300x169.png 300w, https:\/\/newservicestihl.com\/wpp\/wp-content\/uploads\/2023\/12\/NS70-momento4-768x432.png 768w\" sizes=\"(max-width: 580px) 100vw, 580px\" \/>\t\t\t\t\t\t\t\t<\/a>\n\t\t\t\t\t\t\t\t\t\t\t\t\t\t\t<\/div>\n\t\t\t\t<\/div>\n\t\t\t\t<div class=\"elementor-element elementor-element-5f91a1b elementor-widget elementor-widget-heading\" data-id=\"5f91a1b\" data-element_type=\"widget\" data-widget_type=\"heading.default\">\n\t\t\t\t<div class=\"elementor-widget-container\">\n\t\t\t<h2 class=\"elementor-heading-title elementor-size-default\">PUBLICACIONES NOST\u00c1LGICAS<\/h2>\t\t<\/div>\n\t\t\t\t<\/div>\n\t\t\t\t<div class=\"elementor-element elementor-element-5d893ed elementor-widget elementor-widget-text-editor\" data-id=\"5d893ed\" data-element_type=\"widget\" data-widget_type=\"text-editor.default\">\n\t\t\t\t<div class=\"elementor-widget-container\">\n\t\t\t\t\t\t\t\u00a1Qu\u00e9 bueno es recordar momentos destacados, \u00bfverdad? Se public\u00f3 una serie de curiosidades y recuerdos en el perfil <a href=\"https:\/\/www.instagram.com\/stihloficial\/\" style=\"color: #f37a1f\">@stihloficial<\/a> en Instagram. Adem\u00e1s de presentar aspectos de la marca, tambi\u00e9n relacion\u00f3 hechos hist\u00f3ricos que ocurrieron en ese per\u00edodo en el pa\u00eds.\t\t\t\t\t\t<\/div>\n\t\t\t\t<\/div>\n\t\t\t\t<section class=\"elementor-section elementor-inner-section elementor-element elementor-element-763023e elementor-section-full_width elementor-section-height-default elementor-section-height-default\" data-id=\"763023e\" data-element_type=\"section\">\n\t\t\t\t\t\t<div class=\"elementor-container elementor-column-gap-default\">\n\t\t\t\t\t<div class=\"elementor-column elementor-col-50 elementor-inner-column elementor-element elementor-element-cc9efec\" data-id=\"cc9efec\" data-element_type=\"column\">\n\t\t\t<div class=\"elementor-widget-wrap elementor-element-populated\">\n\t\t\t\t\t\t\t\t<div class=\"elementor-element elementor-element-dfbc002 elementor-widget elementor-widget-image\" data-id=\"dfbc002\" data-element_type=\"widget\" data-widget_type=\"image.default\">\n\t\t\t\t<div class=\"elementor-widget-container\">\n\t\t\t\t\t\t\t\t\t\t\t\t\t\t\t\t<a href=\"https:\/\/www.instagram.com\/p\/CrOf0JiMXYn\/\" target=\"_blank\">\n\t\t\t\t\t\t\t<img loading=\"lazy\" decoding=\"async\" width=\"580\" height=\"580\" src=\"https:\/\/newservicestihl.com\/wpp\/wp-content\/uploads\/2023\/12\/NS70-momento6-1024x1024.jpg\" class=\"attachment-large size-large wp-image-4265\" alt=\"\" srcset=\"https:\/\/newservicestihl.com\/wpp\/wp-content\/uploads\/2023\/12\/NS70-momento6-1024x1024.jpg 1024w, https:\/\/newservicestihl.com\/wpp\/wp-content\/uploads\/2023\/12\/NS70-momento6-300x300.jpg 300w, https:\/\/newservicestihl.com\/wpp\/wp-content\/uploads\/2023\/12\/NS70-momento6-150x150.jpg 150w, https:\/\/newservicestihl.com\/wpp\/wp-content\/uploads\/2023\/12\/NS70-momento6-768x768.jpg 768w, https:\/\/newservicestihl.com\/wpp\/wp-content\/uploads\/2023\/12\/NS70-momento6.jpg 1080w\" sizes=\"(max-width: 580px) 100vw, 580px\" \/>\t\t\t\t\t\t\t\t<\/a>\n\t\t\t\t\t\t\t\t\t\t\t\t\t\t\t<\/div>\n\t\t\t\t<\/div>\n\t\t\t\t\t<\/div>\n\t\t<\/div>\n\t\t\t\t<div class=\"elementor-column elementor-col-50 elementor-inner-column elementor-element elementor-element-81b5ffa\" data-id=\"81b5ffa\" data-element_type=\"column\">\n\t\t\t<div class=\"elementor-widget-wrap elementor-element-populated\">\n\t\t\t\t\t\t\t\t<div class=\"elementor-element elementor-element-9e758b9 elementor-widget elementor-widget-image\" data-id=\"9e758b9\" data-element_type=\"widget\" data-widget_type=\"image.default\">\n\t\t\t\t<div class=\"elementor-widget-container\">\n\t\t\t\t\t\t\t\t\t\t\t\t\t\t\t\t<a href=\"https:\/\/www.instagram.com\/p\/CsFI0jbN5bn\/?utm_source=ig_web_copy_link&#038;igshid=MzRlODBiNWFlZA%3D%3D\" target=\"_blank\">\n\t\t\t\t\t\t\t<img loading=\"lazy\" decoding=\"async\" width=\"580\" height=\"580\" src=\"https:\/\/newservicestihl.com\/wpp\/wp-content\/uploads\/2023\/12\/NS70-momentos5.jpg\" class=\"attachment-large size-large wp-image-4266\" alt=\"\" srcset=\"https:\/\/newservicestihl.com\/wpp\/wp-content\/uploads\/2023\/12\/NS70-momentos5.jpg 640w, https:\/\/newservicestihl.com\/wpp\/wp-content\/uploads\/2023\/12\/NS70-momentos5-300x300.jpg 300w, https:\/\/newservicestihl.com\/wpp\/wp-content\/uploads\/2023\/12\/NS70-momentos5-150x150.jpg 150w\" sizes=\"(max-width: 580px) 100vw, 580px\" \/>\t\t\t\t\t\t\t\t<\/a>\n\t\t\t\t\t\t\t\t\t\t\t\t\t\t\t<\/div>\n\t\t\t\t<\/div>\n\t\t\t\t\t<\/div>\n\t\t<\/div>\n\t\t\t\t\t\t\t<\/div>\n\t\t<\/section>\n\t\t\t\t<div class=\"elementor-element elementor-element-6b8677a elementor-widget elementor-widget-heading\" data-id=\"6b8677a\" data-element_type=\"widget\" data-widget_type=\"heading.default\">\n\t\t\t\t<div class=\"elementor-widget-container\">\n\t\t\t<h2 class=\"elementor-heading-title elementor-size-default\">HISTORIAS EN VIDEOS<\/h2>\t\t<\/div>\n\t\t\t\t<\/div>\n\t\t\t\t<div class=\"elementor-element elementor-element-c69a029 elementor-widget elementor-widget-text-editor\" data-id=\"c69a029\" data-element_type=\"widget\" data-widget_type=\"text-editor.default\">\n\t\t\t\t<div class=\"elementor-widget-container\">\n\t\t\t\t\t\t\t<p>Adem\u00e1s de las tradicionales historias de clientes finales contadas en el canal de la marca en YouTube, este a\u00f1o otros p\u00fablicos tambi\u00e9n compartieron sus trayectorias, como distribuidores, participantes en proyectos sociales y colaboradores.<\/p>\t\t\t\t\t\t<\/div>\n\t\t\t\t<\/div>\n\t\t\t\t<div class=\"elementor-element elementor-element-c6bfa6d elementor-widget elementor-widget-image\" data-id=\"c6bfa6d\" data-element_type=\"widget\" data-widget_type=\"image.default\">\n\t\t\t\t<div class=\"elementor-widget-container\">\n\t\t\t\t\t\t\t\t\t\t\t\t\t\t\t\t<a href=\"https:\/\/www.youtube.com\/watch?v=EqdyBg-pNY0&#038;list=PLNP17vu5v5qV_YFXUKS9bt4sKELvRqx_Y\" target=\"_blank\">\n\t\t\t\t\t\t\t<img loading=\"lazy\" decoding=\"async\" width=\"580\" height=\"326\" src=\"https:\/\/newservicestihl.com\/wpp\/wp-content\/uploads\/2023\/12\/NS70-momento7.png\" class=\"attachment-large size-large wp-image-4273\" alt=\"\" srcset=\"https:\/\/newservicestihl.com\/wpp\/wp-content\/uploads\/2023\/12\/NS70-momento7.png 800w, https:\/\/newservicestihl.com\/wpp\/wp-content\/uploads\/2023\/12\/NS70-momento7-300x169.png 300w, https:\/\/newservicestihl.com\/wpp\/wp-content\/uploads\/2023\/12\/NS70-momento7-768x432.png 768w\" sizes=\"(max-width: 580px) 100vw, 580px\" \/>\t\t\t\t\t\t\t\t<\/a>\n\t\t\t\t\t\t\t\t\t\t\t\t\t\t\t<\/div>\n\t\t\t\t<\/div>\n\t\t\t\t\t<\/div>\n\t\t<\/div>\n\t\t\t\t\t\t\t<\/div>\n\t\t<\/section>\n\t\t\t\t<section class=\"elementor-section elementor-top-section elementor-element elementor-element-9f622ec elementor-section-full_width elementor-section-height-default elementor-section-height-default\" data-id=\"9f622ec\" data-element_type=\"section\">\n\t\t\t\t\t\t<div class=\"elementor-container elementor-column-gap-default\">\n\t\t\t\t\t<div class=\"elementor-column elementor-col-100 elementor-top-column elementor-element elementor-element-e720c53\" data-id=\"e720c53\" data-element_type=\"column\">\n\t\t\t<div class=\"elementor-widget-wrap elementor-element-populated\">\n\t\t\t\t\t\t\t\t<div class=\"elementor-element elementor-element-a767c4b elementor-widget elementor-widget-heading\" data-id=\"a767c4b\" data-element_type=\"widget\" data-widget_type=\"heading.default\">\n\t\t\t\t<div class=\"elementor-widget-container\">\n\t\t\t<h2 class=\"elementor-heading-title elementor-size-default\">COLECCI\u00d3N ESPECIAL 50 A\u00d1OS <\/h2>\t\t<\/div>\n\t\t\t\t<\/div>\n\t\t\t\t<div class=\"elementor-element elementor-element-7a03c6b elementor-widget elementor-widget-text-editor\" data-id=\"7a03c6b\" data-element_type=\"widget\" data-widget_type=\"text-editor.default\">\n\t\t\t\t<div class=\"elementor-widget-container\">\n\t\t\t\t\t\t\t<p>Se produjeron art\u00edculos exclusivos para conmemorar los 50 a\u00f1os de la marca en Brasil, teniendo \u00e9xito en ferias y tiendas del pa\u00eds<\/p>\t\t\t\t\t\t<\/div>\n\t\t\t\t<\/div>\n\t\t\t\t<div class=\"elementor-element elementor-element-965aae6 elementor-widget elementor-widget-image\" data-id=\"965aae6\" data-element_type=\"widget\" data-widget_type=\"image.default\">\n\t\t\t\t<div class=\"elementor-widget-container\">\n\t\t\t\t\t\t\t\t\t\t\t\t\t\t\t<img loading=\"lazy\" decoding=\"async\" width=\"800\" height=\"450\" src=\"https:\/\/newservicestihl.com\/wpp\/wp-content\/uploads\/2023\/12\/NS70-momento8.png\" class=\"attachment-full size-full wp-image-4284\" alt=\"\" srcset=\"https:\/\/newservicestihl.com\/wpp\/wp-content\/uploads\/2023\/12\/NS70-momento8.png 800w, https:\/\/newservicestihl.com\/wpp\/wp-content\/uploads\/2023\/12\/NS70-momento8-300x169.png 300w, https:\/\/newservicestihl.com\/wpp\/wp-content\/uploads\/2023\/12\/NS70-momento8-768x432.png 768w\" sizes=\"(max-width: 800px) 100vw, 800px\" \/>\t\t\t\t\t\t\t\t\t\t\t\t\t\t\t<\/div>\n\t\t\t\t<\/div>\n\t\t\t\t\t<\/div>\n\t\t<\/div>\n\t\t\t\t\t\t\t<\/div>\n\t\t<\/section>\n\t\t\t\t<section class=\"elementor-section elementor-top-section elementor-element elementor-element-ae6dd6f elementor-section-full_width elementor-section-height-default elementor-section-height-default\" data-id=\"ae6dd6f\" data-element_type=\"section\" data-settings=\"{&quot;background_background&quot;:&quot;classic&quot;}\">\n\t\t\t\t\t\t<div class=\"elementor-container elementor-column-gap-default\">\n\t\t\t\t\t<div class=\"elementor-column elementor-col-33 elementor-top-column elementor-element elementor-element-8e29775\" data-id=\"8e29775\" data-element_type=\"column\">\n\t\t\t<div class=\"elementor-widget-wrap elementor-element-populated\">\n\t\t\t\t\t\t\t\t<div class=\"elementor-element elementor-element-de4e7bb elementor-widget elementor-widget-image\" data-id=\"de4e7bb\" data-element_type=\"widget\" data-widget_type=\"image.default\">\n\t\t\t\t<div class=\"elementor-widget-container\">\n\t\t\t\t\t\t\t\t\t\t\t\t\t\t\t<img loading=\"lazy\" decoding=\"async\" width=\"580\" height=\"375\" src=\"https:\/\/newservicestihl.com\/wpp\/wp-content\/uploads\/2023\/12\/NS70-momentoPerguntas-1024x662.jpg\" class=\"attachment-large size-large wp-image-4280\" alt=\"\" srcset=\"https:\/\/newservicestihl.com\/wpp\/wp-content\/uploads\/2023\/12\/NS70-momentoPerguntas-1024x662.jpg 1024w, https:\/\/newservicestihl.com\/wpp\/wp-content\/uploads\/2023\/12\/NS70-momentoPerguntas-300x194.jpg 300w, https:\/\/newservicestihl.com\/wpp\/wp-content\/uploads\/2023\/12\/NS70-momentoPerguntas-768x497.jpg 768w, https:\/\/newservicestihl.com\/wpp\/wp-content\/uploads\/2023\/12\/NS70-momentoPerguntas.jpg 1113w\" sizes=\"(max-width: 580px) 100vw, 580px\" \/>\t\t\t\t\t\t\t\t\t\t\t\t\t\t\t<\/div>\n\t\t\t\t<\/div>\n\t\t\t\t\t<\/div>\n\t\t<\/div>\n\t\t\t\t<div class=\"elementor-column elementor-col-66 elementor-top-column elementor-element elementor-element-3bdf99e\" data-id=\"3bdf99e\" data-element_type=\"column\">\n\t\t\t<div class=\"elementor-widget-wrap elementor-element-populated\">\n\t\t\t\t\t\t\t\t<div class=\"elementor-element elementor-element-7c586bd elementor-widget elementor-widget-heading\" data-id=\"7c586bd\" data-element_type=\"widget\" data-widget_type=\"heading.default\">\n\t\t\t\t<div class=\"elementor-widget-container\">\n\t\t\t<h2 class=\"elementor-heading-title elementor-size-default\">\u00bfTIENE ALGUNA PREGUNTA?<br>\n\u00a1P\u00d3NGASE EN CONTACTO! <\/h2>\t\t<\/div>\n\t\t\t\t<\/div>\n\t\t\t\t<div class=\"elementor-element elementor-element-5d834ad elementor-widget elementor-widget-text-editor\" data-id=\"5d834ad\" data-element_type=\"widget\" data-widget_type=\"text-editor.default\">\n\t\t\t\t<div class=\"elementor-widget-container\">\n\t\t\t\t\t\t\t<p><strong>Rafael Zanoni<\/strong><br \/><a href=\"https:\/\/wa.me\/+5551992348423\">+55 51 99234\u20138423<\/a><br \/><a href=\"mailto:rafael.zanoni@stihl.com.br\">rafael.zanoni@stihl.com.br<\/a><\/p>\t\t\t\t\t\t<\/div>\n\t\t\t\t<\/div>\n\t\t\t\t\t<\/div>\n\t\t<\/div>\n\t\t\t\t\t\t\t<\/div>\n\t\t<\/section>\n\t\t\t\t\t\t\t<\/div>\n\t\t","protected":false},"excerpt":{"rendered":"<p>EL QUINCUAG\u00c9SIMO ANIVERSARIO DE PRODUCCI\u00d3N DE STIHL EN BRASIL FUE CELEBRADO DURANTE TODO EL A\u00d1O 2023 CON NUMEROSAS ACCIONES ESPECIALES. \u00bfDE D\u00d3NDE VIENE SU FUERZA? El video-manifiesto, lanzado el 11 de enero, fecha del aniversario de STIHL en Brasil, fue el gran orientador de la campa\u00f1a de los 50 a\u00f1os. El lema \u201cLa fuerza para [&hellip;]<\/p>\n","protected":false},"author":1,"featured_media":4291,"comment_status":"open","ping_status":"open","sticky":false,"template":"","format":"standard","meta":{"footnotes":""},"categories":[140],"tags":[33],"class_list":["post-4430","post","type-post","status-publish","format-standard","has-post-thumbnail","hentry","category-ns70-es","tag-momento"],"_links":{"self":[{"href":"https:\/\/newservicestihl.com\/wpp\/wp-json\/wp\/v2\/posts\/4430","targetHints":{"allow":["GET"]}}],"collection":[{"href":"https:\/\/newservicestihl.com\/wpp\/wp-json\/wp\/v2\/posts"}],"about":[{"href":"https:\/\/newservicestihl.com\/wpp\/wp-json\/wp\/v2\/types\/post"}],"author":[{"embeddable":true,"href":"https:\/\/newservicestihl.com\/wpp\/wp-json\/wp\/v2\/users\/1"}],"replies":[{"embeddable":true,"href":"https:\/\/newservicestihl.com\/wpp\/wp-json\/wp\/v2\/comments?post=4430"}],"version-history":[{"count":7,"href":"https:\/\/newservicestihl.com\/wpp\/wp-json\/wp\/v2\/posts\/4430\/revisions"}],"predecessor-version":[{"id":4437,"href":"https:\/\/newservicestihl.com\/wpp\/wp-json\/wp\/v2\/posts\/4430\/revisions\/4437"}],"wp:featuredmedia":[{"embeddable":true,"href":"https:\/\/newservicestihl.com\/wpp\/wp-json\/wp\/v2\/media\/4291"}],"wp:attachment":[{"href":"https:\/\/newservicestihl.com\/wpp\/wp-json\/wp\/v2\/media?parent=4430"}],"wp:term":[{"taxonomy":"category","embeddable":true,"href":"https:\/\/newservicestihl.com\/wpp\/wp-json\/wp\/v2\/categories?post=4430"},{"taxonomy":"post_tag","embeddable":true,"href":"https:\/\/newservicestihl.com\/wpp\/wp-json\/wp\/v2\/tags?post=4430"}],"curies":[{"name":"wp","href":"https:\/\/api.w.org\/{rel}","templated":true}]}}