{"id":6495,"date":"2025-06-02T16:33:19","date_gmt":"2025-06-02T19:33:19","guid":{"rendered":"https:\/\/newservicestihl.com\/wpp\/?p=6495"},"modified":"2025-06-09T10:42:30","modified_gmt":"2025-06-09T13:42:30","slug":"juntos-somos-mais-fortes-3","status":"publish","type":"post","link":"https:\/\/newservicestihl.com\/wpp\/juntos-somos-mais-fortes-3\/","title":{"rendered":"Juntos somos mais fortes"},"content":{"rendered":"\t\t<div data-elementor-type=\"wp-post\" data-elementor-id=\"6495\" class=\"elementor elementor-6495\">\n\t\t\t\t\t\t\t\t\t<section class=\"elementor-section elementor-top-section elementor-element elementor-element-b811768 elementor-section-full_width elementor-section-height-default elementor-section-height-default\" data-id=\"b811768\" data-element_type=\"section\">\n\t\t\t\t\t\t<div class=\"elementor-container elementor-column-gap-default\">\n\t\t\t\t\t<div class=\"elementor-column elementor-col-100 elementor-top-column elementor-element elementor-element-1d89eba\" data-id=\"1d89eba\" data-element_type=\"column\">\n\t\t\t<div class=\"elementor-widget-wrap elementor-element-populated\">\n\t\t\t\t\t\t\t\t<div class=\"elementor-element elementor-element-c56e46d elementor-widget elementor-widget-heading\" data-id=\"c56e46d\" data-element_type=\"widget\" data-widget_type=\"heading.default\">\n\t\t\t\t<div class=\"elementor-widget-container\">\n\t\t\t<style>\/*! elementor - v3.18.0 - 08-12-2023 *\/\n.elementor-heading-title{padding:0;margin:0;line-height:1}.elementor-widget-heading .elementor-heading-title[class*=elementor-size-]>a{color:inherit;font-size:inherit;line-height:inherit}.elementor-widget-heading .elementor-heading-title.elementor-size-small{font-size:15px}.elementor-widget-heading .elementor-heading-title.elementor-size-medium{font-size:19px}.elementor-widget-heading .elementor-heading-title.elementor-size-large{font-size:29px}.elementor-widget-heading .elementor-heading-title.elementor-size-xl{font-size:39px}.elementor-widget-heading .elementor-heading-title.elementor-size-xxl{font-size:59px}<\/style><h2 class=\"elementor-heading-title elementor-size-default\">A ESTRUTURA HUB LATAM ANUNCIADA NO PRIMEIRO SEMESTRE RESULTA EM MAIS FOCO, COLABORA\u00c7\u00c3O E ENTREGA!<\/h2>\t\t<\/div>\n\t\t\t\t<\/div>\n\t\t\t\t<div class=\"elementor-element elementor-element-0639119 elementor-widget elementor-widget-text-editor\" data-id=\"0639119\" data-element_type=\"widget\" data-widget_type=\"text-editor.default\">\n\t\t\t\t<div class=\"elementor-widget-container\">\n\t\t\t<style>\/*! elementor - v3.18.0 - 08-12-2023 *\/\n.elementor-widget-text-editor.elementor-drop-cap-view-stacked .elementor-drop-cap{background-color:#69727d;color:#fff}.elementor-widget-text-editor.elementor-drop-cap-view-framed .elementor-drop-cap{color:#69727d;border:3px solid;background-color:transparent}.elementor-widget-text-editor:not(.elementor-drop-cap-view-default) .elementor-drop-cap{margin-top:8px}.elementor-widget-text-editor:not(.elementor-drop-cap-view-default) .elementor-drop-cap-letter{width:1em;height:1em}.elementor-widget-text-editor .elementor-drop-cap{float:left;text-align:center;line-height:1;font-size:50px}.elementor-widget-text-editor .elementor-drop-cap-letter{display:inline-block}<\/style>\t\t\t\t<p class=\"p1\">A implementa\u00e7\u00e3o do HUB Latam \u00e9 mais do que uma mudan\u00e7a estrutural; \u00e9 uma jornada rumo a um futuro promissor.<\/p>\t\t\t\t\t\t<\/div>\n\t\t\t\t<\/div>\n\t\t\t\t\t<\/div>\n\t\t<\/div>\n\t\t\t\t\t\t\t<\/div>\n\t\t<\/section>\n\t\t\t\t<section class=\"elementor-section elementor-top-section elementor-element elementor-element-00a8daa elementor-section-full_width section elementor-section-height-default elementor-section-height-default\" data-id=\"00a8daa\" data-element_type=\"section\" data-settings=\"{&quot;background_background&quot;:&quot;classic&quot;}\">\n\t\t\t\t\t\t<div class=\"elementor-container elementor-column-gap-default\">\n\t\t\t\t\t<div class=\"elementor-column elementor-col-100 elementor-top-column elementor-element elementor-element-75b5399\" data-id=\"75b5399\" data-element_type=\"column\">\n\t\t\t<div class=\"elementor-widget-wrap elementor-element-populated\">\n\t\t\t\t\t\t\t\t<div class=\"elementor-element elementor-element-24196d3 elementor-widget__width-initial elementor-widget elementor-widget-heading\" data-id=\"24196d3\" data-element_type=\"widget\" data-widget_type=\"heading.default\">\n\t\t\t\t<div class=\"elementor-widget-container\">\n\t\t\t<h2 class=\"elementor-heading-title elementor-size-default\">A vis\u00e3o dos lideres:<\/h2>\t\t<\/div>\n\t\t\t\t<\/div>\n\t\t\t\t<section class=\"elementor-section elementor-inner-section elementor-element elementor-element-91ca665 elementor-section-full_width elementor-section-content-middle elementor-section-height-default elementor-section-height-default\" data-id=\"91ca665\" data-element_type=\"section\">\n\t\t\t\t\t\t<div class=\"elementor-container elementor-column-gap-default\">\n\t\t\t\t\t<div class=\"elementor-column elementor-col-33 elementor-inner-column elementor-element elementor-element-c644835\" data-id=\"c644835\" data-element_type=\"column\">\n\t\t\t<div class=\"elementor-widget-wrap elementor-element-populated\">\n\t\t\t\t\t\t\t\t<div class=\"elementor-element elementor-element-2308cea elementor-widget elementor-widget-image\" data-id=\"2308cea\" data-element_type=\"widget\" data-widget_type=\"image.default\">\n\t\t\t\t<div class=\"elementor-widget-container\">\n\t\t\t<style>\/*! elementor - v3.18.0 - 08-12-2023 *\/\n.elementor-widget-image{text-align:center}.elementor-widget-image a{display:inline-block}.elementor-widget-image a img[src$=\".svg\"]{width:48px}.elementor-widget-image img{vertical-align:middle;display:inline-block}<\/style>\t\t\t\t\t\t\t\t\t\t\t\t<img fetchpriority=\"high\" decoding=\"async\" width=\"580\" height=\"557\" src=\"https:\/\/newservicestihl.com\/wpp\/wp-content\/uploads\/2025\/06\/ns75-juanes.png\" class=\"attachment-large size-large wp-image-6882\" alt=\"\" srcset=\"https:\/\/newservicestihl.com\/wpp\/wp-content\/uploads\/2025\/06\/ns75-juanes.png 843w, https:\/\/newservicestihl.com\/wpp\/wp-content\/uploads\/2025\/06\/ns75-juanes-300x288.png 300w, https:\/\/newservicestihl.com\/wpp\/wp-content\/uploads\/2025\/06\/ns75-juanes-768x738.png 768w\" sizes=\"(max-width: 580px) 100vw, 580px\" \/>\t\t\t\t\t\t\t\t\t\t\t\t\t\t\t<\/div>\n\t\t\t\t<\/div>\n\t\t\t\t\t<\/div>\n\t\t<\/div>\n\t\t\t\t<div class=\"elementor-column elementor-col-66 elementor-inner-column elementor-element elementor-element-4fb1790\" data-id=\"4fb1790\" data-element_type=\"column\">\n\t\t\t<div class=\"elementor-widget-wrap elementor-element-populated\">\n\t\t\t\t\t\t\t\t<div class=\"elementor-element elementor-element-b783793 elementor-widget elementor-widget-text-editor\" data-id=\"b783793\" data-element_type=\"widget\" data-widget_type=\"text-editor.default\">\n\t\t\t\t<div class=\"elementor-widget-container\">\n\t\t\t\t\t\t\t<p class=\"p1\">\u201cO que mais valorizo no modelo \u00e9 que ele nos permite estar mais pr\u00f3ximos das pessoas, dos nossos clientes e das nossas equipes. Essa proximidade nos ajuda a entender melhor suas necessidades, seu contexto e sua cultura, a criar confian\u00e7a, a conhec\u00ea-los e a nos conectar com eles. \u00c9 assim que conseguimos acelerar a execu\u00e7\u00e3o com equipes comprometidas que compartilham uma vis\u00e3o e um objetivo comuns.\u201d<br \/><em><strong>Juan Gonz\u00e1lez, Vice-Presidente s\u00eanior do STIHL HUB Latam<\/strong><\/em><\/p>\t\t\t\t\t\t<\/div>\n\t\t\t\t<\/div>\n\t\t\t\t\t<\/div>\n\t\t<\/div>\n\t\t\t\t\t\t\t<\/div>\n\t\t<\/section>\n\t\t\t\t<section class=\"elementor-section elementor-inner-section elementor-element elementor-element-57fac28 elementor-section-full_width elementor-section-content-middle elementor-section-height-default elementor-section-height-default\" data-id=\"57fac28\" data-element_type=\"section\" data-settings=\"{&quot;background_background&quot;:&quot;classic&quot;}\">\n\t\t\t\t\t\t<div class=\"elementor-container elementor-column-gap-default\">\n\t\t\t\t\t<div class=\"elementor-column elementor-col-33 elementor-inner-column elementor-element elementor-element-4d6f609\" data-id=\"4d6f609\" data-element_type=\"column\">\n\t\t\t<div class=\"elementor-widget-wrap elementor-element-populated\">\n\t\t\t\t\t\t\t\t<div class=\"elementor-element elementor-element-7ecb20c elementor-widget elementor-widget-image\" data-id=\"7ecb20c\" data-element_type=\"widget\" data-widget_type=\"image.default\">\n\t\t\t\t<div class=\"elementor-widget-container\">\n\t\t\t\t\t\t\t\t\t\t\t\t\t\t\t<img decoding=\"async\" width=\"580\" height=\"532\" src=\"https:\/\/newservicestihl.com\/wpp\/wp-content\/uploads\/2025\/06\/ns75-mercado-foto3.png\" class=\"attachment-large size-large wp-image-6713\" alt=\"\" srcset=\"https:\/\/newservicestihl.com\/wpp\/wp-content\/uploads\/2025\/06\/ns75-mercado-foto3.png 948w, https:\/\/newservicestihl.com\/wpp\/wp-content\/uploads\/2025\/06\/ns75-mercado-foto3-300x275.png 300w, https:\/\/newservicestihl.com\/wpp\/wp-content\/uploads\/2025\/06\/ns75-mercado-foto3-768x705.png 768w\" sizes=\"(max-width: 580px) 100vw, 580px\" \/>\t\t\t\t\t\t\t\t\t\t\t\t\t\t\t<\/div>\n\t\t\t\t<\/div>\n\t\t\t\t\t<\/div>\n\t\t<\/div>\n\t\t\t\t<div class=\"elementor-column elementor-col-66 elementor-inner-column elementor-element elementor-element-b5915d0\" data-id=\"b5915d0\" data-element_type=\"column\">\n\t\t\t<div class=\"elementor-widget-wrap elementor-element-populated\">\n\t\t\t\t\t\t\t\t<div class=\"elementor-element elementor-element-267229d elementor-widget elementor-widget-text-editor\" data-id=\"267229d\" data-element_type=\"widget\" data-widget_type=\"text-editor.default\">\n\t\t\t\t<div class=\"elementor-widget-container\">\n\t\t\t\t\t\t\t<p class=\"p1\">\u201cA colabora\u00e7\u00e3o com o HUB Latam nos dar\u00e1 a oportunidade de trocar ideias, identificar necessidades e descobrir oportunidades de neg\u00f3cios para o Grupo. Uma din\u00e2mica de colabora\u00e7\u00e3o cont\u00ednua facilita a comunica\u00e7\u00e3o e, portanto, a capacidade de encontrar pontos em comum que possam ser abordados em conjunto. Juntos, podemos transformar nossa vis\u00e3o em realidade e alcan\u00e7ar novos patamares &#8211; vamos nos unir com entusiasmo e compromisso para construir um futuro brilhante!\u201d <br \/><em><strong>Cesar Flores, Diretor Regional de Produtos, Treinamento e Servi\u00e7os T\u00e9cnicos do HUB Latam<\/strong><\/em><\/p>\t\t\t\t\t\t<\/div>\n\t\t\t\t<\/div>\n\t\t\t\t\t<\/div>\n\t\t<\/div>\n\t\t\t\t\t\t\t<\/div>\n\t\t<\/section>\n\t\t\t\t<section class=\"elementor-section elementor-inner-section elementor-element elementor-element-a89933b elementor-section-full_width elementor-section-content-middle elementor-section-height-default elementor-section-height-default\" data-id=\"a89933b\" data-element_type=\"section\" data-settings=\"{&quot;background_background&quot;:&quot;classic&quot;}\">\n\t\t\t\t\t\t<div class=\"elementor-container elementor-column-gap-default\">\n\t\t\t\t\t<div class=\"elementor-column elementor-col-33 elementor-inner-column elementor-element elementor-element-3109727\" data-id=\"3109727\" data-element_type=\"column\">\n\t\t\t<div class=\"elementor-widget-wrap elementor-element-populated\">\n\t\t\t\t\t\t\t\t<div class=\"elementor-element elementor-element-460b5fb elementor-widget elementor-widget-image\" data-id=\"460b5fb\" data-element_type=\"widget\" data-widget_type=\"image.default\">\n\t\t\t\t<div class=\"elementor-widget-container\">\n\t\t\t\t\t\t\t\t\t\t\t\t\t\t\t<img decoding=\"async\" width=\"580\" height=\"556\" src=\"https:\/\/newservicestihl.com\/wpp\/wp-content\/uploads\/2025\/06\/ns75-mercado-foto2.png\" class=\"attachment-large size-large wp-image-6714\" alt=\"\" srcset=\"https:\/\/newservicestihl.com\/wpp\/wp-content\/uploads\/2025\/06\/ns75-mercado-foto2.png 922w, https:\/\/newservicestihl.com\/wpp\/wp-content\/uploads\/2025\/06\/ns75-mercado-foto2-300x288.png 300w, https:\/\/newservicestihl.com\/wpp\/wp-content\/uploads\/2025\/06\/ns75-mercado-foto2-768x736.png 768w\" sizes=\"(max-width: 580px) 100vw, 580px\" \/>\t\t\t\t\t\t\t\t\t\t\t\t\t\t\t<\/div>\n\t\t\t\t<\/div>\n\t\t\t\t\t<\/div>\n\t\t<\/div>\n\t\t\t\t<div class=\"elementor-column elementor-col-66 elementor-inner-column elementor-element elementor-element-f379e10\" data-id=\"f379e10\" data-element_type=\"column\">\n\t\t\t<div class=\"elementor-widget-wrap elementor-element-populated\">\n\t\t\t\t\t\t\t\t<div class=\"elementor-element elementor-element-02d2716 elementor-widget elementor-widget-text-editor\" data-id=\"02d2716\" data-element_type=\"widget\" data-widget_type=\"text-editor.default\">\n\t\t\t\t<div class=\"elementor-widget-container\">\n\t\t\t\t\t\t\t<p class=\"p1\">\u201cO Grupo STIHL est\u00e1 se concentrando na regionaliza\u00e7\u00e3o e todos devem tirar proveito desse novo cen\u00e1rio, trabalhando juntos para tornar a mudan\u00e7a o mais suave poss\u00edvel para todos os envolvidos. Estejam preparados e apresentem ideias para melhorar nossos processos e buscar mais oportunidades de mercado. Juntos, fortaleceremos a marca, aumentaremos a participa\u00e7\u00e3o no mercado, mas, acima de tudo, faremos o neg\u00f3cio crescer como um todo.\u201d <br \/><em><strong>Paul Strohm, Diretor de Vendas do STIHL Latam HUB<\/strong><\/em><\/p>\t\t\t\t\t\t<\/div>\n\t\t\t\t<\/div>\n\t\t\t\t\t<\/div>\n\t\t<\/div>\n\t\t\t\t\t\t\t<\/div>\n\t\t<\/section>\n\t\t\t\t<section class=\"elementor-section elementor-inner-section elementor-element elementor-element-33c6f3a elementor-section-full_width elementor-section-content-middle elementor-section-height-default elementor-section-height-default\" data-id=\"33c6f3a\" data-element_type=\"section\" data-settings=\"{&quot;background_background&quot;:&quot;classic&quot;}\">\n\t\t\t\t\t\t<div class=\"elementor-container elementor-column-gap-default\">\n\t\t\t\t\t<div class=\"elementor-column elementor-col-33 elementor-inner-column elementor-element elementor-element-9f08f89\" data-id=\"9f08f89\" data-element_type=\"column\">\n\t\t\t<div class=\"elementor-widget-wrap elementor-element-populated\">\n\t\t\t\t\t\t\t\t<div class=\"elementor-element elementor-element-555f0df elementor-widget elementor-widget-image\" data-id=\"555f0df\" data-element_type=\"widget\" data-widget_type=\"image.default\">\n\t\t\t\t<div class=\"elementor-widget-container\">\n\t\t\t\t\t\t\t\t\t\t\t\t\t\t\t<img loading=\"lazy\" decoding=\"async\" width=\"580\" height=\"553\" src=\"https:\/\/newservicestihl.com\/wpp\/wp-content\/uploads\/2025\/06\/ns75-mercado-foto1.png\" class=\"attachment-large size-large wp-image-6715\" alt=\"\" srcset=\"https:\/\/newservicestihl.com\/wpp\/wp-content\/uploads\/2025\/06\/ns75-mercado-foto1.png 912w, https:\/\/newservicestihl.com\/wpp\/wp-content\/uploads\/2025\/06\/ns75-mercado-foto1-300x286.png 300w, https:\/\/newservicestihl.com\/wpp\/wp-content\/uploads\/2025\/06\/ns75-mercado-foto1-768x733.png 768w\" sizes=\"(max-width: 580px) 100vw, 580px\" \/>\t\t\t\t\t\t\t\t\t\t\t\t\t\t\t<\/div>\n\t\t\t\t<\/div>\n\t\t\t\t\t<\/div>\n\t\t<\/div>\n\t\t\t\t<div class=\"elementor-column elementor-col-66 elementor-inner-column elementor-element elementor-element-84d63e9\" data-id=\"84d63e9\" data-element_type=\"column\">\n\t\t\t<div class=\"elementor-widget-wrap elementor-element-populated\">\n\t\t\t\t\t\t\t\t<div class=\"elementor-element elementor-element-a8bf40f elementor-widget elementor-widget-text-editor\" data-id=\"a8bf40f\" data-element_type=\"widget\" data-widget_type=\"text-editor.default\">\n\t\t\t\t<div class=\"elementor-widget-container\">\n\t\t\t\t\t\t\t<p class=\"p1\">\u201cO HUB Latam traz muitas oportunidades de colabora\u00e7\u00e3o na regi\u00e3o. Vamos utilizar o conhecimento e a experi\u00eancia local das pessoas como for\u00e7a para impulsionar o crescimento da regi\u00e3o. O centro regional representa um avan\u00e7o estrat\u00e9gico para fortalecermos a atua\u00e7\u00e3o da marca STIHL, refor\u00e7ando as iniciativas de marketing. Especialmente na nossa \u00e1rea, a nova estrutura facilita ainda mais o compartilhamento de melhores pr\u00e1ticas, acrescenta mais servi\u00e7os aos nossos importadores e aperfei\u00e7oa os processos entre as subsidi\u00e1rias.\u201d <br \/><em><strong>Rafael Zanoni, Diretor de Marketing do STIHL HUB Latam<\/strong><\/em><\/p>\t\t\t\t\t\t<\/div>\n\t\t\t\t<\/div>\n\t\t\t\t\t<\/div>\n\t\t<\/div>\n\t\t\t\t\t\t\t<\/div>\n\t\t<\/section>\n\t\t\t\t<section class=\"elementor-section elementor-inner-section elementor-element elementor-element-b037f7c elementor-section-full_width elementor-section-content-middle elementor-section-height-default elementor-section-height-default\" data-id=\"b037f7c\" data-element_type=\"section\" data-settings=\"{&quot;background_background&quot;:&quot;classic&quot;}\">\n\t\t\t\t\t\t<div class=\"elementor-container elementor-column-gap-default\">\n\t\t\t\t\t<div class=\"elementor-column elementor-col-33 elementor-inner-column elementor-element elementor-element-a0f35bd\" data-id=\"a0f35bd\" data-element_type=\"column\">\n\t\t\t<div class=\"elementor-widget-wrap elementor-element-populated\">\n\t\t\t\t\t\t\t\t<div class=\"elementor-element elementor-element-63598ee elementor-widget elementor-widget-image\" data-id=\"63598ee\" data-element_type=\"widget\" data-widget_type=\"image.default\">\n\t\t\t\t<div class=\"elementor-widget-container\">\n\t\t\t\t\t\t\t\t\t\t\t\t\t\t\t<img loading=\"lazy\" decoding=\"async\" width=\"580\" height=\"557\" src=\"https:\/\/newservicestihl.com\/wpp\/wp-content\/uploads\/2025\/06\/ns75-mercado-foto01.png\" class=\"attachment-large size-large wp-image-6780\" alt=\"\" srcset=\"https:\/\/newservicestihl.com\/wpp\/wp-content\/uploads\/2025\/06\/ns75-mercado-foto01.png 843w, https:\/\/newservicestihl.com\/wpp\/wp-content\/uploads\/2025\/06\/ns75-mercado-foto01-300x288.png 300w, https:\/\/newservicestihl.com\/wpp\/wp-content\/uploads\/2025\/06\/ns75-mercado-foto01-768x738.png 768w\" sizes=\"(max-width: 580px) 100vw, 580px\" \/>\t\t\t\t\t\t\t\t\t\t\t\t\t\t\t<\/div>\n\t\t\t\t<\/div>\n\t\t\t\t\t<\/div>\n\t\t<\/div>\n\t\t\t\t<div class=\"elementor-column elementor-col-66 elementor-inner-column elementor-element elementor-element-ae9c30d\" data-id=\"ae9c30d\" data-element_type=\"column\">\n\t\t\t<div class=\"elementor-widget-wrap elementor-element-populated\">\n\t\t\t\t\t\t\t\t<div class=\"elementor-element elementor-element-7059cd7 elementor-widget elementor-widget-text-editor\" data-id=\"7059cd7\" data-element_type=\"widget\" data-widget_type=\"text-editor.default\">\n\t\t\t\t<div class=\"elementor-widget-container\">\n\t\t\t\t\t\t\t<p class=\"p1\">\u201cA regionaliza\u00e7\u00e3o \u00e9 uma estrat\u00e9gia para acelerar o crescimento sustent\u00e1vel da marca nos mercados, adaptando os padr\u00f5es globais \u00e0s particularidades de cada regi\u00e3o. Nosso objetivo \u00e9 operar como uma unidade coordenada e colaborativa, promovendo a integra\u00e7\u00e3o dos processos log\u00edsticos, a sinergia entre as equipes e o suporte ativo aos pa\u00edses. A efici\u00eancia da cadeia de suprimentos e distribui\u00e7\u00e3o \u00e9 fundamental para apoiar o crescimento das vendas.\u201d <br \/><em><strong>Silvana de Carvalho, Diretora Log\u00edstica Distribui\u00e7\u00e3o Regional<\/strong><\/em><\/p>\t\t\t\t\t\t<\/div>\n\t\t\t\t<\/div>\n\t\t\t\t\t<\/div>\n\t\t<\/div>\n\t\t\t\t\t\t\t<\/div>\n\t\t<\/section>\n\t\t\t\t\t<\/div>\n\t\t<\/div>\n\t\t\t\t\t\t\t<\/div>\n\t\t<\/section>\n\t\t\t\t<section class=\"elementor-section elementor-top-section elementor-element elementor-element-6cb3a1e elementor-section-full_width elementor-section-height-default elementor-section-height-default\" data-id=\"6cb3a1e\" data-element_type=\"section\" data-settings=\"{&quot;background_background&quot;:&quot;classic&quot;}\">\n\t\t\t\t\t\t<div class=\"elementor-container elementor-column-gap-default\">\n\t\t\t\t\t<div class=\"elementor-column elementor-col-33 elementor-top-column elementor-element elementor-element-9dd2bc1\" data-id=\"9dd2bc1\" data-element_type=\"column\">\n\t\t\t<div class=\"elementor-widget-wrap elementor-element-populated\">\n\t\t\t\t\t\t\t\t<div class=\"elementor-element elementor-element-eb59903 elementor-widget elementor-widget-image\" data-id=\"eb59903\" data-element_type=\"widget\" data-widget_type=\"image.default\">\n\t\t\t\t<div class=\"elementor-widget-container\">\n\t\t\t\t\t\t\t\t\t\t\t\t\t\t\t<img loading=\"lazy\" decoding=\"async\" width=\"1036\" height=\"457\" src=\"https:\/\/newservicestihl.com\/wpp\/wp-content\/uploads\/2025\/06\/ns75-perguntasEN.png\" class=\"attachment-full size-full wp-image-7037\" alt=\"\" srcset=\"https:\/\/newservicestihl.com\/wpp\/wp-content\/uploads\/2025\/06\/ns75-perguntasEN.png 1036w, https:\/\/newservicestihl.com\/wpp\/wp-content\/uploads\/2025\/06\/ns75-perguntasEN-300x132.png 300w, https:\/\/newservicestihl.com\/wpp\/wp-content\/uploads\/2025\/06\/ns75-perguntasEN-1024x452.png 1024w, https:\/\/newservicestihl.com\/wpp\/wp-content\/uploads\/2025\/06\/ns75-perguntasEN-768x339.png 768w\" sizes=\"(max-width: 1036px) 100vw, 1036px\" \/>\t\t\t\t\t\t\t\t\t\t\t\t\t\t\t<\/div>\n\t\t\t\t<\/div>\n\t\t\t\t\t<\/div>\n\t\t<\/div>\n\t\t\t\t<div class=\"elementor-column elementor-col-66 elementor-top-column elementor-element elementor-element-cb637c6\" data-id=\"cb637c6\" data-element_type=\"column\">\n\t\t\t<div class=\"elementor-widget-wrap elementor-element-populated\">\n\t\t\t\t\t\t\t\t<div class=\"elementor-element elementor-element-0b91615 elementor-widget elementor-widget-heading\" data-id=\"0b91615\" data-element_type=\"widget\" data-widget_type=\"heading.default\">\n\t\t\t\t<div class=\"elementor-widget-container\">\n\t\t\t<h2 class=\"elementor-heading-title elementor-size-default\">VOC\u00ca TEM ALGUMA PERGUNTA? ENTRE EM CONTATO!<\/h2>\t\t<\/div>\n\t\t\t\t<\/div>\n\t\t\t\t<section class=\"elementor-section elementor-inner-section elementor-element elementor-element-85d4811 elementor-section-full_width elementor-section-height-default elementor-section-height-default\" data-id=\"85d4811\" data-element_type=\"section\">\n\t\t\t\t\t\t<div class=\"elementor-container elementor-column-gap-default\">\n\t\t\t\t\t<div class=\"elementor-column elementor-col-33 elementor-inner-column elementor-element elementor-element-5c0fa92\" data-id=\"5c0fa92\" data-element_type=\"column\">\n\t\t\t<div class=\"elementor-widget-wrap elementor-element-populated\">\n\t\t\t\t\t\t\t\t<div class=\"elementor-element elementor-element-26b056f elementor-widget elementor-widget-text-editor\" data-id=\"26b056f\" data-element_type=\"widget\" data-widget_type=\"text-editor.default\">\n\t\t\t\t<div class=\"elementor-widget-container\">\n\t\t\t\t\t\t\t<p class=\"p1\"><strong>Juan Gonz\u00e1lez<\/strong><br \/><a href=\"mailto:juan.arango@stihl.com.br\">juan.arango@stihl.com.br<\/a><\/p>\t\t\t\t\t\t<\/div>\n\t\t\t\t<\/div>\n\t\t\t\t\t<\/div>\n\t\t<\/div>\n\t\t\t\t<div class=\"elementor-column elementor-col-33 elementor-inner-column elementor-element elementor-element-e32f114\" data-id=\"e32f114\" data-element_type=\"column\">\n\t\t\t<div class=\"elementor-widget-wrap elementor-element-populated\">\n\t\t\t\t\t\t\t\t<div class=\"elementor-element elementor-element-8a04d40 elementor-widget elementor-widget-text-editor\" data-id=\"8a04d40\" data-element_type=\"widget\" data-widget_type=\"text-editor.default\">\n\t\t\t\t<div class=\"elementor-widget-container\">\n\t\t\t\t\t\t\t<p class=\"p1\"><strong>Cesar Flores<\/strong><br \/><a href=\"mailto:cesar.flores@stihl.com.mx\">cesar.flores@stihl.com.mx<\/a><\/p>\t\t\t\t\t\t<\/div>\n\t\t\t\t<\/div>\n\t\t\t\t\t<\/div>\n\t\t<\/div>\n\t\t\t\t<div class=\"elementor-column elementor-col-33 elementor-inner-column elementor-element elementor-element-bf746a3\" data-id=\"bf746a3\" data-element_type=\"column\">\n\t\t\t<div class=\"elementor-widget-wrap elementor-element-populated\">\n\t\t\t\t\t\t\t\t<div class=\"elementor-element elementor-element-3172ea6 elementor-widget elementor-widget-text-editor\" data-id=\"3172ea6\" data-element_type=\"widget\" data-widget_type=\"text-editor.default\">\n\t\t\t\t<div class=\"elementor-widget-container\">\n\t\t\t\t\t\t\t<p class=\"p1\"><strong>Paul Strohm<\/strong><br \/><a href=\"mailto:paul-gerhardt.strohm@stihl.de\">paul-gerhardt.strohm@stihl.de<\/a><\/p>\t\t\t\t\t\t<\/div>\n\t\t\t\t<\/div>\n\t\t\t\t\t<\/div>\n\t\t<\/div>\n\t\t\t\t\t\t\t<\/div>\n\t\t<\/section>\n\t\t\t\t<section class=\"elementor-section elementor-inner-section elementor-element elementor-element-4456846 elementor-section-full_width elementor-section-height-default elementor-section-height-default\" data-id=\"4456846\" data-element_type=\"section\">\n\t\t\t\t\t\t<div class=\"elementor-container elementor-column-gap-default\">\n\t\t\t\t\t<div class=\"elementor-column elementor-col-50 elementor-inner-column elementor-element elementor-element-5fbe671\" data-id=\"5fbe671\" data-element_type=\"column\">\n\t\t\t<div class=\"elementor-widget-wrap elementor-element-populated\">\n\t\t\t\t\t\t\t\t<div class=\"elementor-element elementor-element-d4c8ef7 elementor-widget elementor-widget-text-editor\" data-id=\"d4c8ef7\" data-element_type=\"widget\" data-widget_type=\"text-editor.default\">\n\t\t\t\t<div class=\"elementor-widget-container\">\n\t\t\t\t\t\t\t<p class=\"p1\"><strong>Rafael Zanoni<\/strong><br \/><a href=\"mailto:rafael.zanoni@stihl.com.br\">rafael.zanoni@stihl.com.br<\/a><\/p>\t\t\t\t\t\t<\/div>\n\t\t\t\t<\/div>\n\t\t\t\t\t<\/div>\n\t\t<\/div>\n\t\t\t\t<div class=\"elementor-column elementor-col-50 elementor-inner-column elementor-element elementor-element-9891a10\" data-id=\"9891a10\" data-element_type=\"column\">\n\t\t\t<div class=\"elementor-widget-wrap elementor-element-populated\">\n\t\t\t\t\t\t\t\t<div class=\"elementor-element elementor-element-9107a69 elementor-widget__width-initial elementor-widget elementor-widget-text-editor\" data-id=\"9107a69\" data-element_type=\"widget\" data-widget_type=\"text-editor.default\">\n\t\t\t\t<div class=\"elementor-widget-container\">\n\t\t\t\t\t\t\t<p class=\"p1\"><strong>Silvana de Carvalho<\/strong><br \/><a href=\"mailto:silvana.carvalho@stihl.com.br\">silvana.carvalho@stihl.com.br<\/a><\/p>\t\t\t\t\t\t<\/div>\n\t\t\t\t<\/div>\n\t\t\t\t\t<\/div>\n\t\t<\/div>\n\t\t\t\t\t\t\t<\/div>\n\t\t<\/section>\n\t\t\t\t\t<\/div>\n\t\t<\/div>\n\t\t\t\t\t\t\t<\/div>\n\t\t<\/section>\n\t\t\t\t\t\t\t<\/div>\n\t\t","protected":false},"excerpt":{"rendered":"<p>A ESTRUTURA HUB LATAM ANUNCIADA NO PRIMEIRO SEMESTRE RESULTA EM MAIS FOCO, COLABORA\u00c7\u00c3O E ENTREGA! A implementa\u00e7\u00e3o do HUB Latam \u00e9 mais do que uma mudan\u00e7a estrutural; \u00e9 uma jornada rumo a um futuro promissor. A vis\u00e3o dos lideres: \u201cO que mais valorizo no modelo \u00e9 que ele nos permite estar mais pr\u00f3ximos das pessoas, [&hellip;]<\/p>\n","protected":false},"author":1,"featured_media":6656,"comment_status":"open","ping_status":"open","sticky":false,"template":"","format":"standard","meta":{"footnotes":""},"categories":[196],"tags":[24],"class_list":["post-6495","post","type-post","status-publish","format-standard","has-post-thumbnail","hentry","category-ns75","tag-mercado"],"_links":{"self":[{"href":"https:\/\/newservicestihl.com\/wpp\/wp-json\/wp\/v2\/posts\/6495","targetHints":{"allow":["GET"]}}],"collection":[{"href":"https:\/\/newservicestihl.com\/wpp\/wp-json\/wp\/v2\/posts"}],"about":[{"href":"https:\/\/newservicestihl.com\/wpp\/wp-json\/wp\/v2\/types\/post"}],"author":[{"embeddable":true,"href":"https:\/\/newservicestihl.com\/wpp\/wp-json\/wp\/v2\/users\/1"}],"replies":[{"embeddable":true,"href":"https:\/\/newservicestihl.com\/wpp\/wp-json\/wp\/v2\/comments?post=6495"}],"version-history":[{"count":97,"href":"https:\/\/newservicestihl.com\/wpp\/wp-json\/wp\/v2\/posts\/6495\/revisions"}],"predecessor-version":[{"id":7046,"href":"https:\/\/newservicestihl.com\/wpp\/wp-json\/wp\/v2\/posts\/6495\/revisions\/7046"}],"wp:featuredmedia":[{"embeddable":true,"href":"https:\/\/newservicestihl.com\/wpp\/wp-json\/wp\/v2\/media\/6656"}],"wp:attachment":[{"href":"https:\/\/newservicestihl.com\/wpp\/wp-json\/wp\/v2\/media?parent=6495"}],"wp:term":[{"taxonomy":"category","embeddable":true,"href":"https:\/\/newservicestihl.com\/wpp\/wp-json\/wp\/v2\/categories?post=6495"},{"taxonomy":"post_tag","embeddable":true,"href":"https:\/\/newservicestihl.com\/wpp\/wp-json\/wp\/v2\/tags?post=6495"}],"curies":[{"name":"wp","href":"https:\/\/api.w.org\/{rel}","templated":true}]}}