{"id":6833,"date":"2025-06-07T18:47:25","date_gmt":"2025-06-07T21:47:25","guid":{"rendered":"https:\/\/newservicestihl.com\/wpp\/?p=6833"},"modified":"2025-06-09T10:41:54","modified_gmt":"2025-06-09T13:41:54","slug":"juntos-somos-mas-fuertes-3","status":"publish","type":"post","link":"https:\/\/newservicestihl.com\/wpp\/es\/juntos-somos-mas-fuertes-3\/","title":{"rendered":"Juntos somos m\u00e1s fuertes"},"content":{"rendered":"\t\t<div data-elementor-type=\"wp-post\" data-elementor-id=\"6833\" class=\"elementor elementor-6833\">\n\t\t\t\t\t\t\t\t\t<section class=\"elementor-section elementor-top-section elementor-element elementor-element-b811768 elementor-section-full_width elementor-section-height-default elementor-section-height-default\" data-id=\"b811768\" data-element_type=\"section\">\n\t\t\t\t\t\t<div class=\"elementor-container elementor-column-gap-default\">\n\t\t\t\t\t<div class=\"elementor-column elementor-col-100 elementor-top-column elementor-element elementor-element-1d89eba\" data-id=\"1d89eba\" data-element_type=\"column\">\n\t\t\t<div class=\"elementor-widget-wrap elementor-element-populated\">\n\t\t\t\t\t\t\t\t<div class=\"elementor-element elementor-element-c56e46d elementor-widget elementor-widget-heading\" data-id=\"c56e46d\" data-element_type=\"widget\" data-widget_type=\"heading.default\">\n\t\t\t\t<div class=\"elementor-widget-container\">\n\t\t\t<style>\/*! elementor - v3.18.0 - 08-12-2023 *\/\n.elementor-heading-title{padding:0;margin:0;line-height:1}.elementor-widget-heading .elementor-heading-title[class*=elementor-size-]>a{color:inherit;font-size:inherit;line-height:inherit}.elementor-widget-heading .elementor-heading-title.elementor-size-small{font-size:15px}.elementor-widget-heading .elementor-heading-title.elementor-size-medium{font-size:19px}.elementor-widget-heading .elementor-heading-title.elementor-size-large{font-size:29px}.elementor-widget-heading .elementor-heading-title.elementor-size-xl{font-size:39px}.elementor-widget-heading .elementor-heading-title.elementor-size-xxl{font-size:59px}<\/style><h2 class=\"elementor-heading-title elementor-size-default\">LA ESTRUCTURA HUB LATAM ANUNCIADA EN EL PRIMER SEMESTRE RESULTA EN M\u00c1S ENFOQUE, COLABORACI\u00d3N Y ENTREGA.<\/h2>\t\t<\/div>\n\t\t\t\t<\/div>\n\t\t\t\t<div class=\"elementor-element elementor-element-0639119 elementor-widget elementor-widget-text-editor\" data-id=\"0639119\" data-element_type=\"widget\" data-widget_type=\"text-editor.default\">\n\t\t\t\t<div class=\"elementor-widget-container\">\n\t\t\t<style>\/*! elementor - v3.18.0 - 08-12-2023 *\/\n.elementor-widget-text-editor.elementor-drop-cap-view-stacked .elementor-drop-cap{background-color:#69727d;color:#fff}.elementor-widget-text-editor.elementor-drop-cap-view-framed .elementor-drop-cap{color:#69727d;border:3px solid;background-color:transparent}.elementor-widget-text-editor:not(.elementor-drop-cap-view-default) .elementor-drop-cap{margin-top:8px}.elementor-widget-text-editor:not(.elementor-drop-cap-view-default) .elementor-drop-cap-letter{width:1em;height:1em}.elementor-widget-text-editor .elementor-drop-cap{float:left;text-align:center;line-height:1;font-size:50px}.elementor-widget-text-editor .elementor-drop-cap-letter{display:inline-block}<\/style>\t\t\t\t<p class=\"p1\">La implementaci\u00f3n del HUB Latam, m\u00e1s que un cambio estructural; es un viaje hacia un futuro prometedor.<\/p>\t\t\t\t\t\t<\/div>\n\t\t\t\t<\/div>\n\t\t\t\t\t<\/div>\n\t\t<\/div>\n\t\t\t\t\t\t\t<\/div>\n\t\t<\/section>\n\t\t\t\t<section class=\"elementor-section elementor-top-section elementor-element elementor-element-00a8daa elementor-section-full_width section elementor-section-height-default elementor-section-height-default\" data-id=\"00a8daa\" data-element_type=\"section\" data-settings=\"{&quot;background_background&quot;:&quot;classic&quot;}\">\n\t\t\t\t\t\t<div class=\"elementor-container elementor-column-gap-default\">\n\t\t\t\t\t<div class=\"elementor-column elementor-col-100 elementor-top-column elementor-element elementor-element-75b5399\" data-id=\"75b5399\" data-element_type=\"column\">\n\t\t\t<div class=\"elementor-widget-wrap elementor-element-populated\">\n\t\t\t\t\t\t\t\t<div class=\"elementor-element elementor-element-24196d3 elementor-widget__width-initial elementor-widget elementor-widget-heading\" data-id=\"24196d3\" data-element_type=\"widget\" data-widget_type=\"heading.default\">\n\t\t\t\t<div class=\"elementor-widget-container\">\n\t\t\t<h2 class=\"elementor-heading-title elementor-size-default\">LA VISI\u00d3N DE LOS L\u00cdDERES:<\/h2>\t\t<\/div>\n\t\t\t\t<\/div>\n\t\t\t\t<section class=\"elementor-section elementor-inner-section elementor-element elementor-element-91ca665 elementor-section-full_width elementor-section-content-middle elementor-section-height-default elementor-section-height-default\" data-id=\"91ca665\" data-element_type=\"section\">\n\t\t\t\t\t\t<div class=\"elementor-container elementor-column-gap-default\">\n\t\t\t\t\t<div class=\"elementor-column elementor-col-33 elementor-inner-column elementor-element elementor-element-c644835\" data-id=\"c644835\" data-element_type=\"column\">\n\t\t\t<div class=\"elementor-widget-wrap elementor-element-populated\">\n\t\t\t\t\t\t\t\t<div class=\"elementor-element elementor-element-2308cea elementor-widget elementor-widget-image\" data-id=\"2308cea\" data-element_type=\"widget\" data-widget_type=\"image.default\">\n\t\t\t\t<div class=\"elementor-widget-container\">\n\t\t\t<style>\/*! elementor - v3.18.0 - 08-12-2023 *\/\n.elementor-widget-image{text-align:center}.elementor-widget-image a{display:inline-block}.elementor-widget-image a img[src$=\".svg\"]{width:48px}.elementor-widget-image img{vertical-align:middle;display:inline-block}<\/style>\t\t\t\t\t\t\t\t\t\t\t\t<img fetchpriority=\"high\" decoding=\"async\" width=\"580\" height=\"557\" src=\"https:\/\/newservicestihl.com\/wpp\/wp-content\/uploads\/2025\/06\/ns75-juanes.png\" class=\"attachment-large size-large wp-image-6882\" alt=\"\" srcset=\"https:\/\/newservicestihl.com\/wpp\/wp-content\/uploads\/2025\/06\/ns75-juanes.png 843w, https:\/\/newservicestihl.com\/wpp\/wp-content\/uploads\/2025\/06\/ns75-juanes-300x288.png 300w, https:\/\/newservicestihl.com\/wpp\/wp-content\/uploads\/2025\/06\/ns75-juanes-768x738.png 768w\" sizes=\"(max-width: 580px) 100vw, 580px\" \/>\t\t\t\t\t\t\t\t\t\t\t\t\t\t\t<\/div>\n\t\t\t\t<\/div>\n\t\t\t\t\t<\/div>\n\t\t<\/div>\n\t\t\t\t<div class=\"elementor-column elementor-col-66 elementor-inner-column elementor-element elementor-element-4fb1790\" data-id=\"4fb1790\" data-element_type=\"column\">\n\t\t\t<div class=\"elementor-widget-wrap elementor-element-populated\">\n\t\t\t\t\t\t\t\t<div class=\"elementor-element elementor-element-b783793 elementor-widget elementor-widget-text-editor\" data-id=\"b783793\" data-element_type=\"widget\" data-widget_type=\"text-editor.default\">\n\t\t\t\t<div class=\"elementor-widget-container\">\n\t\t\t\t\t\t\t<p class=\"p1\">\u201cLo que m\u00e1s valoro del modelo es que nos permite estar m\u00e1s cerca de las personas, nuestros clientes y nuestros equipos. Esa cercan\u00eda nos ayuda a entender mejor sus necesidades, su contexto y su cultura, generar confianza, conocerlos y conectarlos. As\u00ed es como logramos acelerar la ejecuci\u00f3n con equipos comprometidos, que comparten una visi\u00f3n y un prop\u00f3sito com\u00fan.\u201d <br \/><strong>Juan Gonz\u00e1lez, Vicepresidente Senior del STIHL HUB Latam<\/strong><\/p>\t\t\t\t\t\t<\/div>\n\t\t\t\t<\/div>\n\t\t\t\t\t<\/div>\n\t\t<\/div>\n\t\t\t\t\t\t\t<\/div>\n\t\t<\/section>\n\t\t\t\t<section class=\"elementor-section elementor-inner-section elementor-element elementor-element-57fac28 elementor-section-full_width elementor-section-content-middle elementor-section-height-default elementor-section-height-default\" data-id=\"57fac28\" data-element_type=\"section\" data-settings=\"{&quot;background_background&quot;:&quot;classic&quot;}\">\n\t\t\t\t\t\t<div class=\"elementor-container elementor-column-gap-default\">\n\t\t\t\t\t<div class=\"elementor-column elementor-col-33 elementor-inner-column elementor-element elementor-element-4d6f609\" data-id=\"4d6f609\" data-element_type=\"column\">\n\t\t\t<div class=\"elementor-widget-wrap elementor-element-populated\">\n\t\t\t\t\t\t\t\t<div class=\"elementor-element elementor-element-7ecb20c elementor-widget elementor-widget-image\" data-id=\"7ecb20c\" data-element_type=\"widget\" data-widget_type=\"image.default\">\n\t\t\t\t<div class=\"elementor-widget-container\">\n\t\t\t\t\t\t\t\t\t\t\t\t\t\t\t<img decoding=\"async\" width=\"580\" height=\"532\" src=\"https:\/\/newservicestihl.com\/wpp\/wp-content\/uploads\/2025\/06\/ns75-mercado-foto3.png\" class=\"attachment-large size-large wp-image-6713\" alt=\"\" srcset=\"https:\/\/newservicestihl.com\/wpp\/wp-content\/uploads\/2025\/06\/ns75-mercado-foto3.png 948w, https:\/\/newservicestihl.com\/wpp\/wp-content\/uploads\/2025\/06\/ns75-mercado-foto3-300x275.png 300w, https:\/\/newservicestihl.com\/wpp\/wp-content\/uploads\/2025\/06\/ns75-mercado-foto3-768x705.png 768w\" sizes=\"(max-width: 580px) 100vw, 580px\" \/>\t\t\t\t\t\t\t\t\t\t\t\t\t\t\t<\/div>\n\t\t\t\t<\/div>\n\t\t\t\t\t<\/div>\n\t\t<\/div>\n\t\t\t\t<div class=\"elementor-column elementor-col-66 elementor-inner-column elementor-element elementor-element-b5915d0\" data-id=\"b5915d0\" data-element_type=\"column\">\n\t\t\t<div class=\"elementor-widget-wrap elementor-element-populated\">\n\t\t\t\t\t\t\t\t<div class=\"elementor-element elementor-element-267229d elementor-widget elementor-widget-text-editor\" data-id=\"267229d\" data-element_type=\"widget\" data-widget_type=\"text-editor.default\">\n\t\t\t\t<div class=\"elementor-widget-container\">\n\t\t\t\t\t\t\t<p class=\"p1\">\u201cLa colaboraci\u00f3n entre subsidiarias e importadores no es un tema nuevo. Siempre hemos visto a nuestros colegas de otros pa\u00edses como una referencia para mejorar nuestros procesos e incrementar nuestra competitividad. El HUB Latam adopta esta filosof\u00eda de colaboraci\u00f3n continua, permiti\u00e9ndonos evaluarnos y mejorar mediante la incorporaci\u00f3n de distintos escenarios de mercado. \u00a1Aprovechemos esta oportunidad \u00fanica de ser parte activa de este contexto organizacional!\u201d <br \/><strong>Cesar Flores, Director Regional de Productos, Capacitaci\u00f3n y Servicios T\u00e9cnicos del HUB Latam<\/strong><\/p>\t\t\t\t\t\t<\/div>\n\t\t\t\t<\/div>\n\t\t\t\t\t<\/div>\n\t\t<\/div>\n\t\t\t\t\t\t\t<\/div>\n\t\t<\/section>\n\t\t\t\t<section class=\"elementor-section elementor-inner-section elementor-element elementor-element-a89933b elementor-section-full_width elementor-section-content-middle elementor-section-height-default elementor-section-height-default\" data-id=\"a89933b\" data-element_type=\"section\" data-settings=\"{&quot;background_background&quot;:&quot;classic&quot;}\">\n\t\t\t\t\t\t<div class=\"elementor-container elementor-column-gap-default\">\n\t\t\t\t\t<div class=\"elementor-column elementor-col-33 elementor-inner-column elementor-element elementor-element-3109727\" data-id=\"3109727\" data-element_type=\"column\">\n\t\t\t<div class=\"elementor-widget-wrap elementor-element-populated\">\n\t\t\t\t\t\t\t\t<div class=\"elementor-element elementor-element-460b5fb elementor-widget elementor-widget-image\" data-id=\"460b5fb\" data-element_type=\"widget\" data-widget_type=\"image.default\">\n\t\t\t\t<div class=\"elementor-widget-container\">\n\t\t\t\t\t\t\t\t\t\t\t\t\t\t\t<img decoding=\"async\" width=\"580\" height=\"556\" src=\"https:\/\/newservicestihl.com\/wpp\/wp-content\/uploads\/2025\/06\/ns75-mercado-foto2.png\" class=\"attachment-large size-large wp-image-6714\" alt=\"\" srcset=\"https:\/\/newservicestihl.com\/wpp\/wp-content\/uploads\/2025\/06\/ns75-mercado-foto2.png 922w, https:\/\/newservicestihl.com\/wpp\/wp-content\/uploads\/2025\/06\/ns75-mercado-foto2-300x288.png 300w, https:\/\/newservicestihl.com\/wpp\/wp-content\/uploads\/2025\/06\/ns75-mercado-foto2-768x736.png 768w\" sizes=\"(max-width: 580px) 100vw, 580px\" \/>\t\t\t\t\t\t\t\t\t\t\t\t\t\t\t<\/div>\n\t\t\t\t<\/div>\n\t\t\t\t\t<\/div>\n\t\t<\/div>\n\t\t\t\t<div class=\"elementor-column elementor-col-66 elementor-inner-column elementor-element elementor-element-f379e10\" data-id=\"f379e10\" data-element_type=\"column\">\n\t\t\t<div class=\"elementor-widget-wrap elementor-element-populated\">\n\t\t\t\t\t\t\t\t<div class=\"elementor-element elementor-element-02d2716 elementor-widget elementor-widget-text-editor\" data-id=\"02d2716\" data-element_type=\"widget\" data-widget_type=\"text-editor.default\">\n\t\t\t\t<div class=\"elementor-widget-container\">\n\t\t\t\t\t\t\t<p class=\"p1\">\u201cEl Grupo STIHL se est\u00e1 enfocando en la regionalizaci\u00f3n y todos deben aprovechar este nuevo escenario, trabajando juntos para hacer el cambio lo m\u00e1s suave posible para todos los involucrados. Est\u00e9n preparados y presenten ideas para mejorar nuestros procesos y buscar m\u00e1s oportunidades de mercado. Juntos, fortaleceremos la marca, aumentaremos la participaci\u00f3n en el mercado, pero, sobre todo, haremos crecer el negocio en su conjunto.\u201d <br \/><strong>Paul Strohm, Director de Ventas del STIHL Latam HUB<\/strong><\/p>\t\t\t\t\t\t<\/div>\n\t\t\t\t<\/div>\n\t\t\t\t\t<\/div>\n\t\t<\/div>\n\t\t\t\t\t\t\t<\/div>\n\t\t<\/section>\n\t\t\t\t<section class=\"elementor-section elementor-inner-section elementor-element elementor-element-33c6f3a elementor-section-full_width elementor-section-content-middle elementor-section-height-default elementor-section-height-default\" data-id=\"33c6f3a\" data-element_type=\"section\" data-settings=\"{&quot;background_background&quot;:&quot;classic&quot;}\">\n\t\t\t\t\t\t<div class=\"elementor-container elementor-column-gap-default\">\n\t\t\t\t\t<div class=\"elementor-column elementor-col-33 elementor-inner-column elementor-element elementor-element-9f08f89\" data-id=\"9f08f89\" data-element_type=\"column\">\n\t\t\t<div class=\"elementor-widget-wrap elementor-element-populated\">\n\t\t\t\t\t\t\t\t<div class=\"elementor-element elementor-element-555f0df elementor-widget elementor-widget-image\" data-id=\"555f0df\" data-element_type=\"widget\" data-widget_type=\"image.default\">\n\t\t\t\t<div class=\"elementor-widget-container\">\n\t\t\t\t\t\t\t\t\t\t\t\t\t\t\t<img loading=\"lazy\" decoding=\"async\" width=\"580\" height=\"553\" src=\"https:\/\/newservicestihl.com\/wpp\/wp-content\/uploads\/2025\/06\/ns75-mercado-foto1.png\" class=\"attachment-large size-large wp-image-6715\" alt=\"\" srcset=\"https:\/\/newservicestihl.com\/wpp\/wp-content\/uploads\/2025\/06\/ns75-mercado-foto1.png 912w, https:\/\/newservicestihl.com\/wpp\/wp-content\/uploads\/2025\/06\/ns75-mercado-foto1-300x286.png 300w, https:\/\/newservicestihl.com\/wpp\/wp-content\/uploads\/2025\/06\/ns75-mercado-foto1-768x733.png 768w\" sizes=\"(max-width: 580px) 100vw, 580px\" \/>\t\t\t\t\t\t\t\t\t\t\t\t\t\t\t<\/div>\n\t\t\t\t<\/div>\n\t\t\t\t\t<\/div>\n\t\t<\/div>\n\t\t\t\t<div class=\"elementor-column elementor-col-66 elementor-inner-column elementor-element elementor-element-84d63e9\" data-id=\"84d63e9\" data-element_type=\"column\">\n\t\t\t<div class=\"elementor-widget-wrap elementor-element-populated\">\n\t\t\t\t\t\t\t\t<div class=\"elementor-element elementor-element-a8bf40f elementor-widget elementor-widget-text-editor\" data-id=\"a8bf40f\" data-element_type=\"widget\" data-widget_type=\"text-editor.default\">\n\t\t\t\t<div class=\"elementor-widget-container\">\n\t\t\t\t\t\t\t<p class=\"p1\">\u201cEl HUB Latam trae muchas oportunidades de colaboraci\u00f3n en la regi\u00f3n. Utilicemos el conocimiento y la experiencia local de las personas como fuerza para impulsar el crecimiento de la regi\u00f3n. El centro regional representa un avance estrat\u00e9gico para fortalecer la actuaci\u00f3n de la marca STIHL, reforzando las iniciativas de marketing. Especialmente en nuestra \u00e1rea, la nueva estructura facilita a\u00fan m\u00e1s el intercambio de mejores pr\u00e1cticas, a\u00f1ade m\u00e1s servicios a nuestros importadores y mejora los procesos entre las subsidiarias.\u201d <br \/><strong>Rafael Zanoni, Director de Marketing del STIHL HUB Latam<\/strong><\/p>\t\t\t\t\t\t<\/div>\n\t\t\t\t<\/div>\n\t\t\t\t\t<\/div>\n\t\t<\/div>\n\t\t\t\t\t\t\t<\/div>\n\t\t<\/section>\n\t\t\t\t<section class=\"elementor-section elementor-inner-section elementor-element elementor-element-b037f7c elementor-section-full_width elementor-section-content-middle elementor-section-height-default elementor-section-height-default\" data-id=\"b037f7c\" data-element_type=\"section\" data-settings=\"{&quot;background_background&quot;:&quot;classic&quot;}\">\n\t\t\t\t\t\t<div class=\"elementor-container elementor-column-gap-default\">\n\t\t\t\t\t<div class=\"elementor-column elementor-col-33 elementor-inner-column elementor-element elementor-element-a0f35bd\" data-id=\"a0f35bd\" data-element_type=\"column\">\n\t\t\t<div class=\"elementor-widget-wrap elementor-element-populated\">\n\t\t\t\t\t\t\t\t<div class=\"elementor-element elementor-element-63598ee elementor-widget elementor-widget-image\" data-id=\"63598ee\" data-element_type=\"widget\" data-widget_type=\"image.default\">\n\t\t\t\t<div class=\"elementor-widget-container\">\n\t\t\t\t\t\t\t\t\t\t\t\t\t\t\t<img loading=\"lazy\" decoding=\"async\" width=\"580\" height=\"557\" src=\"https:\/\/newservicestihl.com\/wpp\/wp-content\/uploads\/2025\/06\/ns75-mercado-foto01.png\" class=\"attachment-large size-large wp-image-6780\" alt=\"\" srcset=\"https:\/\/newservicestihl.com\/wpp\/wp-content\/uploads\/2025\/06\/ns75-mercado-foto01.png 843w, https:\/\/newservicestihl.com\/wpp\/wp-content\/uploads\/2025\/06\/ns75-mercado-foto01-300x288.png 300w, https:\/\/newservicestihl.com\/wpp\/wp-content\/uploads\/2025\/06\/ns75-mercado-foto01-768x738.png 768w\" sizes=\"(max-width: 580px) 100vw, 580px\" \/>\t\t\t\t\t\t\t\t\t\t\t\t\t\t\t<\/div>\n\t\t\t\t<\/div>\n\t\t\t\t\t<\/div>\n\t\t<\/div>\n\t\t\t\t<div class=\"elementor-column elementor-col-66 elementor-inner-column elementor-element elementor-element-ae9c30d\" data-id=\"ae9c30d\" data-element_type=\"column\">\n\t\t\t<div class=\"elementor-widget-wrap elementor-element-populated\">\n\t\t\t\t\t\t\t\t<div class=\"elementor-element elementor-element-7059cd7 elementor-widget elementor-widget-text-editor\" data-id=\"7059cd7\" data-element_type=\"widget\" data-widget_type=\"text-editor.default\">\n\t\t\t\t<div class=\"elementor-widget-container\">\n\t\t\t\t\t\t\t<p class=\"p1\">\u201cLa regionalizaci\u00f3n es una estrategia para acelerar el crecimiento sostenible de la marca en los mercados, adaptando los est\u00e1ndares globales a las particularidades de cada regi\u00f3n. Nuestro objetivo es operar como una unidad coordinada y colaborativa, promoviendo la integraci\u00f3n de los procesos log\u00edsticos, la sinergia entre los equipos y el soporte activo a los pa\u00edses. La eficiencia de la cadena de suministro y distribuci\u00f3n es fundamental para apoyar el crecimiento de las ventas.\u201d <br \/><strong>Silvana de Carvalho, Directora Log\u00edstica de Distribuci\u00f3n Regiona\u00a0<\/strong><\/p>\t\t\t\t\t\t<\/div>\n\t\t\t\t<\/div>\n\t\t\t\t\t<\/div>\n\t\t<\/div>\n\t\t\t\t\t\t\t<\/div>\n\t\t<\/section>\n\t\t\t\t\t<\/div>\n\t\t<\/div>\n\t\t\t\t\t\t\t<\/div>\n\t\t<\/section>\n\t\t\t\t<section class=\"elementor-section elementor-top-section elementor-element elementor-element-6cb3a1e elementor-section-full_width elementor-section-height-default elementor-section-height-default\" data-id=\"6cb3a1e\" data-element_type=\"section\" data-settings=\"{&quot;background_background&quot;:&quot;classic&quot;}\">\n\t\t\t\t\t\t<div class=\"elementor-container elementor-column-gap-default\">\n\t\t\t\t\t<div class=\"elementor-column elementor-col-33 elementor-top-column elementor-element elementor-element-9dd2bc1\" data-id=\"9dd2bc1\" data-element_type=\"column\">\n\t\t\t<div class=\"elementor-widget-wrap elementor-element-populated\">\n\t\t\t\t\t\t\t\t<div class=\"elementor-element elementor-element-eb59903 elementor-widget elementor-widget-image\" data-id=\"eb59903\" data-element_type=\"widget\" data-widget_type=\"image.default\">\n\t\t\t\t<div class=\"elementor-widget-container\">\n\t\t\t\t\t\t\t\t\t\t\t\t\t\t\t<img loading=\"lazy\" decoding=\"async\" width=\"1036\" height=\"457\" src=\"https:\/\/newservicestihl.com\/wpp\/wp-content\/uploads\/2025\/06\/ns75-perguntasEN.png\" class=\"attachment-full size-full wp-image-7037\" alt=\"\" srcset=\"https:\/\/newservicestihl.com\/wpp\/wp-content\/uploads\/2025\/06\/ns75-perguntasEN.png 1036w, https:\/\/newservicestihl.com\/wpp\/wp-content\/uploads\/2025\/06\/ns75-perguntasEN-300x132.png 300w, https:\/\/newservicestihl.com\/wpp\/wp-content\/uploads\/2025\/06\/ns75-perguntasEN-1024x452.png 1024w, https:\/\/newservicestihl.com\/wpp\/wp-content\/uploads\/2025\/06\/ns75-perguntasEN-768x339.png 768w\" sizes=\"(max-width: 1036px) 100vw, 1036px\" \/>\t\t\t\t\t\t\t\t\t\t\t\t\t\t\t<\/div>\n\t\t\t\t<\/div>\n\t\t\t\t\t<\/div>\n\t\t<\/div>\n\t\t\t\t<div class=\"elementor-column elementor-col-66 elementor-top-column elementor-element elementor-element-cb637c6\" data-id=\"cb637c6\" data-element_type=\"column\">\n\t\t\t<div class=\"elementor-widget-wrap elementor-element-populated\">\n\t\t\t\t\t\t\t\t<div class=\"elementor-element elementor-element-0b91615 elementor-widget elementor-widget-heading\" data-id=\"0b91615\" data-element_type=\"widget\" data-widget_type=\"heading.default\">\n\t\t\t\t<div class=\"elementor-widget-container\">\n\t\t\t<h2 class=\"elementor-heading-title elementor-size-default\">\u00bfTIENES ALGUNA PREGUNTA? \u00a1CONT\u00c1CTANOS!<\/h2>\t\t<\/div>\n\t\t\t\t<\/div>\n\t\t\t\t<section class=\"elementor-section elementor-inner-section elementor-element elementor-element-85d4811 elementor-section-full_width elementor-section-height-default elementor-section-height-default\" data-id=\"85d4811\" data-element_type=\"section\">\n\t\t\t\t\t\t<div class=\"elementor-container elementor-column-gap-default\">\n\t\t\t\t\t<div class=\"elementor-column elementor-col-33 elementor-inner-column elementor-element elementor-element-5c0fa92\" data-id=\"5c0fa92\" data-element_type=\"column\">\n\t\t\t<div class=\"elementor-widget-wrap elementor-element-populated\">\n\t\t\t\t\t\t\t\t<div class=\"elementor-element elementor-element-26b056f elementor-widget elementor-widget-text-editor\" data-id=\"26b056f\" data-element_type=\"widget\" data-widget_type=\"text-editor.default\">\n\t\t\t\t<div class=\"elementor-widget-container\">\n\t\t\t\t\t\t\t<p class=\"p1\"><strong>Juan Gonz\u00e1lez<\/strong><br \/><a href=\"mailto:juan.arango@stihl.com.br\">juan.arango@stihl.com.br<\/a><\/p>\t\t\t\t\t\t<\/div>\n\t\t\t\t<\/div>\n\t\t\t\t\t<\/div>\n\t\t<\/div>\n\t\t\t\t<div class=\"elementor-column elementor-col-33 elementor-inner-column elementor-element elementor-element-e32f114\" data-id=\"e32f114\" data-element_type=\"column\">\n\t\t\t<div class=\"elementor-widget-wrap elementor-element-populated\">\n\t\t\t\t\t\t\t\t<div class=\"elementor-element elementor-element-8a04d40 elementor-widget elementor-widget-text-editor\" data-id=\"8a04d40\" data-element_type=\"widget\" data-widget_type=\"text-editor.default\">\n\t\t\t\t<div class=\"elementor-widget-container\">\n\t\t\t\t\t\t\t<p class=\"p1\"><strong>Cesar Flores<\/strong><br \/><a href=\"mailto:cesar.flores@stihl.com.mx\">cesar.flores@stihl.com.mx<\/a><\/p>\t\t\t\t\t\t<\/div>\n\t\t\t\t<\/div>\n\t\t\t\t\t<\/div>\n\t\t<\/div>\n\t\t\t\t<div class=\"elementor-column elementor-col-33 elementor-inner-column elementor-element elementor-element-bf746a3\" data-id=\"bf746a3\" data-element_type=\"column\">\n\t\t\t<div class=\"elementor-widget-wrap elementor-element-populated\">\n\t\t\t\t\t\t\t\t<div class=\"elementor-element elementor-element-3172ea6 elementor-widget elementor-widget-text-editor\" data-id=\"3172ea6\" data-element_type=\"widget\" data-widget_type=\"text-editor.default\">\n\t\t\t\t<div class=\"elementor-widget-container\">\n\t\t\t\t\t\t\t<p class=\"p1\"><strong>Paul Strohm<\/strong><br \/><a href=\"mailto:paul-gerhardt.strohm@stihl.de\">paul-gerhardt.strohm@stihl.de<\/a><\/p>\t\t\t\t\t\t<\/div>\n\t\t\t\t<\/div>\n\t\t\t\t\t<\/div>\n\t\t<\/div>\n\t\t\t\t\t\t\t<\/div>\n\t\t<\/section>\n\t\t\t\t<section class=\"elementor-section elementor-inner-section elementor-element elementor-element-4456846 elementor-section-full_width elementor-section-height-default elementor-section-height-default\" data-id=\"4456846\" data-element_type=\"section\">\n\t\t\t\t\t\t<div class=\"elementor-container elementor-column-gap-default\">\n\t\t\t\t\t<div class=\"elementor-column elementor-col-50 elementor-inner-column elementor-element elementor-element-5fbe671\" data-id=\"5fbe671\" data-element_type=\"column\">\n\t\t\t<div class=\"elementor-widget-wrap elementor-element-populated\">\n\t\t\t\t\t\t\t\t<div class=\"elementor-element elementor-element-d4c8ef7 elementor-widget elementor-widget-text-editor\" data-id=\"d4c8ef7\" data-element_type=\"widget\" data-widget_type=\"text-editor.default\">\n\t\t\t\t<div class=\"elementor-widget-container\">\n\t\t\t\t\t\t\t<p class=\"p1\"><strong>Rafael Zanoni<\/strong><br \/><a href=\"mailto:rafael.zanoni@stihl.com.br\">rafael.zanoni@stihl.com.br<\/a><\/p>\t\t\t\t\t\t<\/div>\n\t\t\t\t<\/div>\n\t\t\t\t\t<\/div>\n\t\t<\/div>\n\t\t\t\t<div class=\"elementor-column elementor-col-50 elementor-inner-column elementor-element elementor-element-9891a10\" data-id=\"9891a10\" data-element_type=\"column\">\n\t\t\t<div class=\"elementor-widget-wrap elementor-element-populated\">\n\t\t\t\t\t\t\t\t<div class=\"elementor-element elementor-element-9107a69 elementor-widget__width-initial elementor-widget elementor-widget-text-editor\" data-id=\"9107a69\" data-element_type=\"widget\" data-widget_type=\"text-editor.default\">\n\t\t\t\t<div class=\"elementor-widget-container\">\n\t\t\t\t\t\t\t<p class=\"p1\"><strong>Silvana de Carvalho<\/strong><br \/><a href=\"mailto:silvana.carvalho@stihl.com.br\">silvana.carvalho@stihl.com.br<\/a><\/p>\t\t\t\t\t\t<\/div>\n\t\t\t\t<\/div>\n\t\t\t\t\t<\/div>\n\t\t<\/div>\n\t\t\t\t\t\t\t<\/div>\n\t\t<\/section>\n\t\t\t\t\t<\/div>\n\t\t<\/div>\n\t\t\t\t\t\t\t<\/div>\n\t\t<\/section>\n\t\t\t\t\t\t\t<\/div>\n\t\t","protected":false},"excerpt":{"rendered":"<p>LA ESTRUCTURA HUB LATAM ANUNCIADA EN EL PRIMER SEMESTRE RESULTA EN M\u00c1S ENFOQUE, COLABORACI\u00d3N Y ENTREGA. La implementaci\u00f3n del HUB Latam, m\u00e1s que un cambio estructural; es un viaje hacia un futuro prometedor. LA VISI\u00d3N DE LOS L\u00cdDERES: \u201cLo que m\u00e1s valoro del modelo es que nos permite estar m\u00e1s cerca de las personas, nuestros [&hellip;]<\/p>\n","protected":false},"author":1,"featured_media":6911,"comment_status":"open","ping_status":"open","sticky":false,"template":"","format":"standard","meta":{"footnotes":""},"categories":[198],"tags":[39],"class_list":["post-6833","post","type-post","status-publish","format-standard","has-post-thumbnail","hentry","category-ns75-es","tag-mercado-es"],"_links":{"self":[{"href":"https:\/\/newservicestihl.com\/wpp\/wp-json\/wp\/v2\/posts\/6833","targetHints":{"allow":["GET"]}}],"collection":[{"href":"https:\/\/newservicestihl.com\/wpp\/wp-json\/wp\/v2\/posts"}],"about":[{"href":"https:\/\/newservicestihl.com\/wpp\/wp-json\/wp\/v2\/types\/post"}],"author":[{"embeddable":true,"href":"https:\/\/newservicestihl.com\/wpp\/wp-json\/wp\/v2\/users\/1"}],"replies":[{"embeddable":true,"href":"https:\/\/newservicestihl.com\/wpp\/wp-json\/wp\/v2\/comments?post=6833"}],"version-history":[{"count":12,"href":"https:\/\/newservicestihl.com\/wpp\/wp-json\/wp\/v2\/posts\/6833\/revisions"}],"predecessor-version":[{"id":7043,"href":"https:\/\/newservicestihl.com\/wpp\/wp-json\/wp\/v2\/posts\/6833\/revisions\/7043"}],"wp:featuredmedia":[{"embeddable":true,"href":"https:\/\/newservicestihl.com\/wpp\/wp-json\/wp\/v2\/media\/6911"}],"wp:attachment":[{"href":"https:\/\/newservicestihl.com\/wpp\/wp-json\/wp\/v2\/media?parent=6833"}],"wp:term":[{"taxonomy":"category","embeddable":true,"href":"https:\/\/newservicestihl.com\/wpp\/wp-json\/wp\/v2\/categories?post=6833"},{"taxonomy":"post_tag","embeddable":true,"href":"https:\/\/newservicestihl.com\/wpp\/wp-json\/wp\/v2\/tags?post=6833"}],"curies":[{"name":"wp","href":"https:\/\/api.w.org\/{rel}","templated":true}]}}