{"id":7517,"date":"2025-12-16T16:26:43","date_gmt":"2025-12-16T19:26:43","guid":{"rendered":"https:\/\/newservicestihl.com\/wpp\/?p=7517"},"modified":"2025-12-18T09:53:53","modified_gmt":"2025-12-18T12:53:53","slug":"service-workshop-latam-2025","status":"publish","type":"post","link":"https:\/\/newservicestihl.com\/wpp\/service-workshop-latam-2025\/","title":{"rendered":"Service Workshop LATAM 2025"},"content":{"rendered":"\t\t<div data-elementor-type=\"wp-post\" data-elementor-id=\"7517\" class=\"elementor elementor-7517\">\n\t\t\t\t\t\t\t\t\t<section class=\"elementor-section elementor-top-section elementor-element elementor-element-f323c09 elementor-section-full_width elementor-section-height-default elementor-section-height-default\" data-id=\"f323c09\" data-element_type=\"section\">\n\t\t\t\t\t\t<div class=\"elementor-container elementor-column-gap-default\">\n\t\t\t\t\t<div class=\"elementor-column elementor-col-50 elementor-top-column elementor-element elementor-element-2c129ca\" data-id=\"2c129ca\" data-element_type=\"column\">\n\t\t\t<div class=\"elementor-widget-wrap elementor-element-populated\">\n\t\t\t\t\t\t\t\t<div class=\"elementor-element elementor-element-7d239ad elementor-widget elementor-widget-heading\" data-id=\"7d239ad\" data-element_type=\"widget\" data-widget_type=\"heading.default\">\n\t\t\t\t<div class=\"elementor-widget-container\">\n\t\t\t<style>\/*! elementor - v3.18.0 - 08-12-2023 *\/\n.elementor-heading-title{padding:0;margin:0;line-height:1}.elementor-widget-heading .elementor-heading-title[class*=elementor-size-]>a{color:inherit;font-size:inherit;line-height:inherit}.elementor-widget-heading .elementor-heading-title.elementor-size-small{font-size:15px}.elementor-widget-heading .elementor-heading-title.elementor-size-medium{font-size:19px}.elementor-widget-heading .elementor-heading-title.elementor-size-large{font-size:29px}.elementor-widget-heading .elementor-heading-title.elementor-size-xl{font-size:39px}.elementor-widget-heading .elementor-heading-title.elementor-size-xxl{font-size:59px}<\/style><h2 class=\"elementor-heading-title elementor-size-default\">ENCONTRO ESTRAT\u00c9GICO \u00c9 REALIZADO NO BRASIL COM MUITA TROCA DE EXPERI\u00caNCIAS ENTRE OS PARTICIPANTES.<\/h2>\t\t<\/div>\n\t\t\t\t<\/div>\n\t\t\t\t<div class=\"elementor-element elementor-element-283885d elementor-widget elementor-widget-text-editor\" data-id=\"283885d\" data-element_type=\"widget\" data-widget_type=\"text-editor.default\">\n\t\t\t\t<div class=\"elementor-widget-container\">\n\t\t\t<style>\/*! elementor - v3.18.0 - 08-12-2023 *\/\n.elementor-widget-text-editor.elementor-drop-cap-view-stacked .elementor-drop-cap{background-color:#69727d;color:#fff}.elementor-widget-text-editor.elementor-drop-cap-view-framed .elementor-drop-cap{color:#69727d;border:3px solid;background-color:transparent}.elementor-widget-text-editor:not(.elementor-drop-cap-view-default) .elementor-drop-cap{margin-top:8px}.elementor-widget-text-editor:not(.elementor-drop-cap-view-default) .elementor-drop-cap-letter{width:1em;height:1em}.elementor-widget-text-editor .elementor-drop-cap{float:left;text-align:center;line-height:1;font-size:50px}.elementor-widget-text-editor .elementor-drop-cap-letter{display:inline-block}<\/style>\t\t\t\t<p>O Service Workshop LATAM \u00e9 um encontro estrat\u00e9gico que acontece a cada dois anos, logo ap\u00f3s o Workshop Global realizado na matriz, na Alemanha. Seu objetivo \u00e9 alinhar estrat\u00e9gias de servi\u00e7o e neg\u00f3cios para toda a regi\u00e3o, promovendo integra\u00e7\u00e3o e colabora\u00e7\u00e3o entre subsidi\u00e1rias e importadores.<\/p>\t\t\t\t\t\t<\/div>\n\t\t\t\t<\/div>\n\t\t\t\t<div class=\"elementor-element elementor-element-875c0b5 elementor-widget elementor-widget-text-editor\" data-id=\"875c0b5\" data-element_type=\"widget\" data-widget_type=\"text-editor.default\">\n\t\t\t\t<div class=\"elementor-widget-container\">\n\t\t\t\t\t\t\t<p class=\"p1\">Em 2025, o evento foi realizado no Brasil, na f\u00e1brica da STIHL em S\u00e3o Leopoldo, reunindo participantes por quatro dias de intensa troca de experi\u00eancias. Nos dois primeiros dias, o foco esteve em estrat\u00e9gia de servi\u00e7o, abordando tend\u00eancias, inova\u00e7\u00e3o e excel\u00eancia operacional. Nos dois \u00faltimos dias, as discuss\u00f5es se voltaram para estrat\u00e9gias de neg\u00f3cios, fortalecendo a vis\u00e3o regional e explorando oportunidades de crescimento.<\/p>\t\t\t\t\t\t<\/div>\n\t\t\t\t<\/div>\n\t\t\t\t<div class=\"elementor-element elementor-element-936fe26 elementor-widget elementor-widget-text-editor\" data-id=\"936fe26\" data-element_type=\"widget\" data-widget_type=\"text-editor.default\">\n\t\t\t\t<div class=\"elementor-widget-container\">\n\t\t\t\t\t\t\t<p class=\"p1\">O workshop contou com a presen\u00e7a de representantes da matriz das \u00e1reas de Servi\u00e7o, Acess\u00f3rios e Vendas, al\u00e9m da participa\u00e7\u00e3o do presidente, vice-presidentes e profissionais de outras \u00e1reas da empresa, que contribu\u00edram em momentos de intera\u00e7\u00e3o e discuss\u00f5es estrat\u00e9gicas. Essa diversidade de perspectivas refor\u00e7ou a import\u00e2ncia da colabora\u00e7\u00e3o entre diferentes \u00e1reas para impulsionar resultados.<\/p>\t\t\t\t\t\t<\/div>\n\t\t\t\t<\/div>\n\t\t\t\t<div class=\"elementor-element elementor-element-52a2563 elementor-widget elementor-widget-text-editor\" data-id=\"52a2563\" data-element_type=\"widget\" data-widget_type=\"text-editor.default\">\n\t\t\t\t<div class=\"elementor-widget-container\">\n\t\t\t\t\t\t\t<p class=\"p1\">Outra atividade em grupo foi a Collaboration, que envolveu duas minimotos em uma din\u00e2mica de team building, promovendo coopera\u00e7\u00e3o, criatividade e esp\u00edrito de equipe.<\/p>\t\t\t\t\t\t<\/div>\n\t\t\t\t<\/div>\n\t\t\t\t<div class=\"elementor-element elementor-element-4ef9c20 elementor-widget elementor-widget-text-editor\" data-id=\"4ef9c20\" data-element_type=\"widget\" data-widget_type=\"text-editor.default\">\n\t\t\t\t<div class=\"elementor-widget-container\">\n\t\t\t\t\t\t\t<p class=\"p1\">O Service Workshop LATAM reafirma o compromisso da STIHL com a excel\u00eancia em servi\u00e7os e com solu\u00e7\u00f5es que agreguem valor aos clientes e parceiros em toda a regi\u00e3o.<\/p>\t\t\t\t\t\t<\/div>\n\t\t\t\t<\/div>\n\t\t\t\t\t<\/div>\n\t\t<\/div>\n\t\t\t\t<div class=\"elementor-column elementor-col-50 elementor-top-column elementor-element elementor-element-e37a2a9\" data-id=\"e37a2a9\" data-element_type=\"column\">\n\t\t\t<div class=\"elementor-widget-wrap elementor-element-populated\">\n\t\t\t\t\t\t\t\t<div class=\"elementor-element elementor-element-92553d8 elementor-widget elementor-widget-image\" data-id=\"92553d8\" data-element_type=\"widget\" data-widget_type=\"image.default\">\n\t\t\t\t<div class=\"elementor-widget-container\">\n\t\t\t<style>\/*! elementor - v3.18.0 - 08-12-2023 *\/\n.elementor-widget-image{text-align:center}.elementor-widget-image a{display:inline-block}.elementor-widget-image a img[src$=\".svg\"]{width:48px}.elementor-widget-image img{vertical-align:middle;display:inline-block}<\/style>\t\t\t\t\t\t\t\t\t\t\t\t<img fetchpriority=\"high\" decoding=\"async\" width=\"580\" height=\"397\" src=\"https:\/\/newservicestihl.com\/wpp\/wp-content\/uploads\/2025\/12\/2-3.png\" class=\"attachment-large size-large wp-image-7602\" alt=\"\" srcset=\"https:\/\/newservicestihl.com\/wpp\/wp-content\/uploads\/2025\/12\/2-3.png 843w, https:\/\/newservicestihl.com\/wpp\/wp-content\/uploads\/2025\/12\/2-3-300x205.png 300w, https:\/\/newservicestihl.com\/wpp\/wp-content\/uploads\/2025\/12\/2-3-768x526.png 768w\" sizes=\"(max-width: 580px) 100vw, 580px\" \/>\t\t\t\t\t\t\t\t\t\t\t\t\t\t\t<\/div>\n\t\t\t\t<\/div>\n\t\t\t\t<div class=\"elementor-element elementor-element-89c3bb6 elementor-widget elementor-widget-image\" data-id=\"89c3bb6\" data-element_type=\"widget\" data-widget_type=\"image.default\">\n\t\t\t\t<div class=\"elementor-widget-container\">\n\t\t\t\t\t\t\t\t\t\t\t\t\t\t\t<img decoding=\"async\" width=\"580\" height=\"397\" src=\"https:\/\/newservicestihl.com\/wpp\/wp-content\/uploads\/2025\/12\/3-3.png\" class=\"attachment-large size-large wp-image-7603\" alt=\"\" srcset=\"https:\/\/newservicestihl.com\/wpp\/wp-content\/uploads\/2025\/12\/3-3.png 843w, https:\/\/newservicestihl.com\/wpp\/wp-content\/uploads\/2025\/12\/3-3-300x205.png 300w, https:\/\/newservicestihl.com\/wpp\/wp-content\/uploads\/2025\/12\/3-3-768x526.png 768w\" sizes=\"(max-width: 580px) 100vw, 580px\" \/>\t\t\t\t\t\t\t\t\t\t\t\t\t\t\t<\/div>\n\t\t\t\t<\/div>\n\t\t\t\t<div class=\"elementor-element elementor-element-7b1cb84 elementor-widget elementor-widget-text-editor\" data-id=\"7b1cb84\" data-element_type=\"widget\" data-widget_type=\"text-editor.default\">\n\t\t\t\t<div class=\"elementor-widget-container\">\n\t\t\t\t\t\t\t<p class=\"p1\">Estrat\u00e9gia de servi\u00e7o e neg\u00f3cios em foco<\/p>\t\t\t\t\t\t<\/div>\n\t\t\t\t<\/div>\n\t\t\t\t\t<\/div>\n\t\t<\/div>\n\t\t\t\t\t\t\t<\/div>\n\t\t<\/section>\n\t\t\t\t<section class=\"elementor-section elementor-top-section elementor-element elementor-element-5cdc633 elementor-section-full_width elementor-section-height-default elementor-section-height-default\" data-id=\"5cdc633\" data-element_type=\"section\" data-settings=\"{&quot;background_background&quot;:&quot;classic&quot;}\">\n\t\t\t\t\t\t<div class=\"elementor-container elementor-column-gap-default\">\n\t\t\t\t\t<div class=\"elementor-column elementor-col-33 elementor-top-column elementor-element elementor-element-7168f5a\" data-id=\"7168f5a\" data-element_type=\"column\">\n\t\t\t<div class=\"elementor-widget-wrap elementor-element-populated\">\n\t\t\t\t\t\t\t\t<div class=\"elementor-element elementor-element-c877217 elementor-widget elementor-widget-image\" data-id=\"c877217\" data-element_type=\"widget\" data-widget_type=\"image.default\">\n\t\t\t\t<div class=\"elementor-widget-container\">\n\t\t\t\t\t\t\t\t\t\t\t\t\t\t\t<img decoding=\"async\" width=\"550\" height=\"420\" src=\"https:\/\/newservicestihl.com\/wpp\/wp-content\/uploads\/2025\/12\/fernando.png\" class=\"attachment-large size-large wp-image-7607\" alt=\"\" srcset=\"https:\/\/newservicestihl.com\/wpp\/wp-content\/uploads\/2025\/12\/fernando.png 550w, https:\/\/newservicestihl.com\/wpp\/wp-content\/uploads\/2025\/12\/fernando-300x229.png 300w\" sizes=\"(max-width: 550px) 100vw, 550px\" \/>\t\t\t\t\t\t\t\t\t\t\t\t\t\t\t<\/div>\n\t\t\t\t<\/div>\n\t\t\t\t\t<\/div>\n\t\t<\/div>\n\t\t\t\t<div class=\"elementor-column elementor-col-66 elementor-top-column elementor-element elementor-element-e4cea23\" data-id=\"e4cea23\" data-element_type=\"column\">\n\t\t\t<div class=\"elementor-widget-wrap elementor-element-populated\">\n\t\t\t\t\t\t\t\t<div class=\"elementor-element elementor-element-ae29686 elementor-widget elementor-widget-heading\" data-id=\"ae29686\" data-element_type=\"widget\" data-widget_type=\"heading.default\">\n\t\t\t\t<div class=\"elementor-widget-container\">\n\t\t\t<h2 class=\"elementor-heading-title elementor-size-default\">VOC\u00ca TEM ALGUMA PERGUNTA? <br \/>ENTRE EM CONTATO!<\/h2>\t\t<\/div>\n\t\t\t\t<\/div>\n\t\t\t\t<section class=\"elementor-section elementor-inner-section elementor-element elementor-element-6c4107f elementor-section-full_width elementor-section-height-default elementor-section-height-default\" data-id=\"6c4107f\" data-element_type=\"section\">\n\t\t\t\t\t\t<div class=\"elementor-container elementor-column-gap-default\">\n\t\t\t\t\t<div class=\"elementor-column elementor-col-33 elementor-inner-column elementor-element elementor-element-98a24dc\" data-id=\"98a24dc\" data-element_type=\"column\">\n\t\t\t<div class=\"elementor-widget-wrap elementor-element-populated\">\n\t\t\t\t\t\t\t\t<div class=\"elementor-element elementor-element-7a4e760 elementor-widget elementor-widget-text-editor\" data-id=\"7a4e760\" data-element_type=\"widget\" data-widget_type=\"text-editor.default\">\n\t\t\t\t<div class=\"elementor-widget-container\">\n\t\t\t\t\t\t\t<p class=\"p1\"><strong>Fernando Bergmann<\/strong><\/p>\t\t\t\t\t\t<\/div>\n\t\t\t\t<\/div>\n\t\t\t\t\t<\/div>\n\t\t<\/div>\n\t\t\t\t<div class=\"elementor-column elementor-col-33 elementor-inner-column elementor-element elementor-element-8829248\" data-id=\"8829248\" data-element_type=\"column\">\n\t\t\t<div class=\"elementor-widget-wrap elementor-element-populated\">\n\t\t\t\t\t\t\t\t<div class=\"elementor-element elementor-element-625176b elementor-widget elementor-widget-text-editor\" data-id=\"625176b\" data-element_type=\"widget\" data-widget_type=\"text-editor.default\">\n\t\t\t\t<div class=\"elementor-widget-container\">\n\t\t\t\t\t\t\t<p class=\"p1\"><strong>+55 (51) 99799-9931<\/strong><\/p>\t\t\t\t\t\t<\/div>\n\t\t\t\t<\/div>\n\t\t\t\t\t<\/div>\n\t\t<\/div>\n\t\t\t\t<div class=\"elementor-column elementor-col-33 elementor-inner-column elementor-element elementor-element-75dfeff\" data-id=\"75dfeff\" data-element_type=\"column\">\n\t\t\t<div class=\"elementor-widget-wrap elementor-element-populated\">\n\t\t\t\t\t\t\t\t<div class=\"elementor-element elementor-element-94a6d55 elementor-widget__width-initial elementor-widget elementor-widget-text-editor\" data-id=\"94a6d55\" data-element_type=\"widget\" data-widget_type=\"text-editor.default\">\n\t\t\t\t<div class=\"elementor-widget-container\">\n\t\t\t\t\t\t\t<p class=\"p1\"><strong><a href=\"mailto:fernando.bergmann@stihl.com.br\">fernando.bergmann@stihl.com.br<\/a><\/strong><\/p>\t\t\t\t\t\t<\/div>\n\t\t\t\t<\/div>\n\t\t\t\t\t<\/div>\n\t\t<\/div>\n\t\t\t\t\t\t\t<\/div>\n\t\t<\/section>\n\t\t\t\t\t<\/div>\n\t\t<\/div>\n\t\t\t\t\t\t\t<\/div>\n\t\t<\/section>\n\t\t\t\t\t\t\t<\/div>\n\t\t","protected":false},"excerpt":{"rendered":"<p>ENCONTRO ESTRAT\u00c9GICO \u00c9 REALIZADO NO BRASIL COM MUITA TROCA DE EXPERI\u00caNCIAS ENTRE OS PARTICIPANTES. O Service Workshop LATAM \u00e9 um encontro estrat\u00e9gico que acontece a cada dois anos, logo ap\u00f3s o Workshop Global realizado na matriz, na Alemanha. Seu objetivo \u00e9 alinhar estrat\u00e9gias de servi\u00e7o e neg\u00f3cios para toda a regi\u00e3o, promovendo integra\u00e7\u00e3o e colabora\u00e7\u00e3o [&hellip;]<\/p>\n","protected":false},"author":1,"featured_media":7611,"comment_status":"open","ping_status":"open","sticky":false,"template":"","format":"standard","meta":{"footnotes":""},"categories":[218],"tags":[27],"class_list":["post-7517","post","type-post","status-publish","format-standard","has-post-thumbnail","hentry","category-ns77","tag-melhores-praticas"],"_links":{"self":[{"href":"https:\/\/newservicestihl.com\/wpp\/wp-json\/wp\/v2\/posts\/7517","targetHints":{"allow":["GET"]}}],"collection":[{"href":"https:\/\/newservicestihl.com\/wpp\/wp-json\/wp\/v2\/posts"}],"about":[{"href":"https:\/\/newservicestihl.com\/wpp\/wp-json\/wp\/v2\/types\/post"}],"author":[{"embeddable":true,"href":"https:\/\/newservicestihl.com\/wpp\/wp-json\/wp\/v2\/users\/1"}],"replies":[{"embeddable":true,"href":"https:\/\/newservicestihl.com\/wpp\/wp-json\/wp\/v2\/comments?post=7517"}],"version-history":[{"count":25,"href":"https:\/\/newservicestihl.com\/wpp\/wp-json\/wp\/v2\/posts\/7517\/revisions"}],"predecessor-version":[{"id":7693,"href":"https:\/\/newservicestihl.com\/wpp\/wp-json\/wp\/v2\/posts\/7517\/revisions\/7693"}],"wp:featuredmedia":[{"embeddable":true,"href":"https:\/\/newservicestihl.com\/wpp\/wp-json\/wp\/v2\/media\/7611"}],"wp:attachment":[{"href":"https:\/\/newservicestihl.com\/wpp\/wp-json\/wp\/v2\/media?parent=7517"}],"wp:term":[{"taxonomy":"category","embeddable":true,"href":"https:\/\/newservicestihl.com\/wpp\/wp-json\/wp\/v2\/categories?post=7517"},{"taxonomy":"post_tag","embeddable":true,"href":"https:\/\/newservicestihl.com\/wpp\/wp-json\/wp\/v2\/tags?post=7517"}],"curies":[{"name":"wp","href":"https:\/\/api.w.org\/{rel}","templated":true}]}}