{"id":7763,"date":"2025-12-17T17:46:33","date_gmt":"2025-12-17T20:46:33","guid":{"rendered":"https:\/\/newservicestihl.com\/wpp\/?p=7763"},"modified":"2025-12-18T09:54:33","modified_gmt":"2025-12-18T12:54:33","slug":"felicidades-argentina-y-peru","status":"publish","type":"post","link":"https:\/\/newservicestihl.com\/wpp\/es\/felicidades-argentina-y-peru\/","title":{"rendered":"Felicidades, Argentina y Per\u00fa"},"content":{"rendered":"\t\t<div data-elementor-type=\"wp-post\" data-elementor-id=\"7763\" class=\"elementor elementor-7763\">\n\t\t\t\t\t\t\t\t\t<section class=\"elementor-section elementor-top-section elementor-element elementor-element-619f8a0 elementor-section-full_width elementor-section-height-default elementor-section-height-default\" data-id=\"619f8a0\" data-element_type=\"section\">\n\t\t\t\t\t\t<div class=\"elementor-container elementor-column-gap-default\">\n\t\t\t\t\t<div class=\"elementor-column elementor-col-50 elementor-top-column elementor-element elementor-element-ffaea7e\" data-id=\"ffaea7e\" data-element_type=\"column\">\n\t\t\t<div class=\"elementor-widget-wrap elementor-element-populated\">\n\t\t\t\t\t\t\t\t<div class=\"elementor-element elementor-element-dafcdb0 elementor-widget elementor-widget-heading\" data-id=\"dafcdb0\" data-element_type=\"widget\" data-widget_type=\"heading.default\">\n\t\t\t\t<div class=\"elementor-widget-container\">\n\t\t\t<style>\/*! elementor - v3.18.0 - 08-12-2023 *\/\n.elementor-heading-title{padding:0;margin:0;line-height:1}.elementor-widget-heading .elementor-heading-title[class*=elementor-size-]>a{color:inherit;font-size:inherit;line-height:inherit}.elementor-widget-heading .elementor-heading-title.elementor-size-small{font-size:15px}.elementor-widget-heading .elementor-heading-title.elementor-size-medium{font-size:19px}.elementor-widget-heading .elementor-heading-title.elementor-size-large{font-size:29px}.elementor-widget-heading .elementor-heading-title.elementor-size-xl{font-size:39px}.elementor-widget-heading .elementor-heading-title.elementor-size-xxl{font-size:59px}<\/style><h2 class=\"elementor-heading-title elementor-size-default\">EN 2025, LAS SUBSIDIARIAS DE STIHL EN ARGENTINA Y PER\u00da CELEBRAN SUS ANIVERSARIOS N\u00daMERO 25 Y 5, RESPECTIVAMENTE.<\/h2>\t\t<\/div>\n\t\t\t\t<\/div>\n\t\t\t\t<div class=\"elementor-element elementor-element-50f7d3e elementor-widget elementor-widget-text-editor\" data-id=\"50f7d3e\" data-element_type=\"widget\" data-widget_type=\"text-editor.default\">\n\t\t\t\t<div class=\"elementor-widget-container\">\n\t\t\t<style>\/*! elementor - v3.18.0 - 08-12-2023 *\/\n.elementor-widget-text-editor.elementor-drop-cap-view-stacked .elementor-drop-cap{background-color:#69727d;color:#fff}.elementor-widget-text-editor.elementor-drop-cap-view-framed .elementor-drop-cap{color:#69727d;border:3px solid;background-color:transparent}.elementor-widget-text-editor:not(.elementor-drop-cap-view-default) .elementor-drop-cap{margin-top:8px}.elementor-widget-text-editor:not(.elementor-drop-cap-view-default) .elementor-drop-cap-letter{width:1em;height:1em}.elementor-widget-text-editor .elementor-drop-cap{float:left;text-align:center;line-height:1;font-size:50px}.elementor-widget-text-editor .elementor-drop-cap-letter{display:inline-block}<\/style>\t\t\t\t<p class=\"p1\">Celebrar fechas corporativas importantes es una oportunidad estrat\u00e9gica para reconocer logros, valorar a las personas e impulsar el futuro. Y eso fue exactamente lo que hicieron STIHL Argentina y STIHL Per\u00fa al completar 25 y 5 a\u00f1os de operaci\u00f3n, respectivamente, en el segundo semestre de 2025.<\/p>\t\t\t\t\t\t<\/div>\n\t\t\t\t<\/div>\n\t\t\t\t<div class=\"elementor-element elementor-element-bd5a44b elementor-widget elementor-widget-text-editor\" data-id=\"bd5a44b\" data-element_type=\"widget\" data-widget_type=\"text-editor.default\">\n\t\t\t\t<div class=\"elementor-widget-container\">\n\t\t\t\t\t\t\t<p class=\"p1\">Bajo el lema \u201cUna nueva mirada para potenciar juntos el crecimiento\u201d, STIHL Argentina reuni\u00f3 a su red de distribuidores para reafirmar su compromiso con la innovaci\u00f3n y el desarrollo conjunto. El evento cont\u00f3 con la presencia de figuras clave de la empresa a nivel global y regional, como el Dr. Nikolas Stihl, Presidente del Consejo Fiscal y accionista de STIHL; el Dr. R\u00fcdiger Stihl, Miembro del Consejo Fiscal y accionista de STIHL; y Michael Traub, Presidente del Consejo Ejecutivo de STIHL.<\/p>\t\t\t\t\t\t<\/div>\n\t\t\t\t<\/div>\n\t\t\t\t<div class=\"elementor-element elementor-element-d9cdc3a elementor-widget elementor-widget-text-editor\" data-id=\"d9cdc3a\" data-element_type=\"widget\" data-widget_type=\"text-editor.default\">\n\t\t\t\t<div class=\"elementor-widget-container\">\n\t\t\t\t\t\t\t<p class=\"p1\">Adem\u00e1s, participaron l\u00edderes del HUB Latam: Cl\u00e1udio Guenther, Presidente de STIHL Brasil y del HUB Latam, y Juan Alejandro Gonz\u00e1lez Arango, Vicepresidente Senior de Marketing y Ventas Latam.<\/p>\t\t\t\t\t\t<\/div>\n\t\t\t\t<\/div>\n\t\t\t\t<div class=\"elementor-element elementor-element-e634248 elementor-widget elementor-widget-text-editor\" data-id=\"e634248\" data-element_type=\"widget\" data-widget_type=\"text-editor.default\">\n\t\t\t\t<div class=\"elementor-widget-container\">\n\t\t\t\t\t\t\t<p class=\"p1\">Por su parte, STIHL Per\u00fa celebr\u00f3 sus 5 a\u00f1os con una premiaci\u00f3n especial en reconocimiento al trabajo de sus distribuidores autorizados. Con categor\u00edas variadas, incluidas algunas votadas por los propios distribuidores, la celebraci\u00f3n destac\u00f3 conquistas que refuerzan la importancia de seguir trabajando en colaboraci\u00f3n, resaltando el compromiso, la dedicaci\u00f3n y los logros de toda la red.<\/p>\t\t\t\t\t\t<\/div>\n\t\t\t\t<\/div>\n\t\t\t\t\t<\/div>\n\t\t<\/div>\n\t\t\t\t<div class=\"elementor-column elementor-col-50 elementor-top-column elementor-element elementor-element-67a6057\" data-id=\"67a6057\" data-element_type=\"column\">\n\t\t\t<div class=\"elementor-widget-wrap elementor-element-populated\">\n\t\t\t\t\t\t\t\t<div class=\"elementor-element elementor-element-6f21fb7 elementor-widget elementor-widget-image\" data-id=\"6f21fb7\" data-element_type=\"widget\" data-widget_type=\"image.default\">\n\t\t\t\t<div class=\"elementor-widget-container\">\n\t\t\t<style>\/*! elementor - v3.18.0 - 08-12-2023 *\/\n.elementor-widget-image{text-align:center}.elementor-widget-image a{display:inline-block}.elementor-widget-image a img[src$=\".svg\"]{width:48px}.elementor-widget-image img{vertical-align:middle;display:inline-block}<\/style>\t\t\t\t\t\t\t\t\t\t\t\t<img fetchpriority=\"high\" decoding=\"async\" width=\"580\" height=\"387\" src=\"https:\/\/newservicestihl.com\/wpp\/wp-content\/uploads\/2025\/12\/2.png\" class=\"attachment-large size-large wp-image-7532\" alt=\"\" srcset=\"https:\/\/newservicestihl.com\/wpp\/wp-content\/uploads\/2025\/12\/2.png 907w, https:\/\/newservicestihl.com\/wpp\/wp-content\/uploads\/2025\/12\/2-300x200.png 300w, https:\/\/newservicestihl.com\/wpp\/wp-content\/uploads\/2025\/12\/2-768x512.png 768w\" sizes=\"(max-width: 580px) 100vw, 580px\" \/>\t\t\t\t\t\t\t\t\t\t\t\t\t\t\t<\/div>\n\t\t\t\t<\/div>\n\t\t\t\t<div class=\"elementor-element elementor-element-748c054 elementor-widget elementor-widget-text-editor\" data-id=\"748c054\" data-element_type=\"widget\" data-widget_type=\"text-editor.default\">\n\t\t\t\t<div class=\"elementor-widget-container\">\n\t\t\t\t\t\t\t<p class=\"p1\">STIHL Per\u00fa celebr\u00f3 sus 5 a\u00f1os con una premiaci\u00f3n especial en reconocimiento al trabajo de sus distribuidores.<\/p>\t\t\t\t\t\t<\/div>\n\t\t\t\t<\/div>\n\t\t\t\t<div class=\"elementor-element elementor-element-08dbefc elementor-widget elementor-widget-image\" data-id=\"08dbefc\" data-element_type=\"widget\" data-widget_type=\"image.default\">\n\t\t\t\t<div class=\"elementor-widget-container\">\n\t\t\t\t\t\t\t\t\t\t\t\t\t\t\t\t<a href=\"https:\/\/newservicestihl.com\/src\/argentina.mp4\">\n\t\t\t\t\t\t\t<img decoding=\"async\" width=\"580\" height=\"166\" src=\"https:\/\/newservicestihl.com\/wpp\/wp-content\/uploads\/2025\/12\/3-ES.png\" class=\"attachment-large size-large wp-image-7776\" alt=\"\" srcset=\"https:\/\/newservicestihl.com\/wpp\/wp-content\/uploads\/2025\/12\/3-ES.png 778w, https:\/\/newservicestihl.com\/wpp\/wp-content\/uploads\/2025\/12\/3-ES-300x86.png 300w, https:\/\/newservicestihl.com\/wpp\/wp-content\/uploads\/2025\/12\/3-ES-768x219.png 768w\" sizes=\"(max-width: 580px) 100vw, 580px\" \/>\t\t\t\t\t\t\t\t<\/a>\n\t\t\t\t\t\t\t\t\t\t\t\t\t\t\t<\/div>\n\t\t\t\t<\/div>\n\t\t\t\t<div class=\"elementor-element elementor-element-f56c900 elementor-widget elementor-widget-image\" data-id=\"f56c900\" data-element_type=\"widget\" data-widget_type=\"image.default\">\n\t\t\t\t<div class=\"elementor-widget-container\">\n\t\t\t\t\t\t\t\t\t\t\t\t\t\t\t\t<a href=\"https:\/\/newservicestihl.com\/src\/peru.mp4\">\n\t\t\t\t\t\t\t<img decoding=\"async\" width=\"580\" height=\"166\" src=\"https:\/\/newservicestihl.com\/wpp\/wp-content\/uploads\/2025\/12\/4-ES.png\" class=\"attachment-large size-large wp-image-7777\" alt=\"\" srcset=\"https:\/\/newservicestihl.com\/wpp\/wp-content\/uploads\/2025\/12\/4-ES.png 778w, https:\/\/newservicestihl.com\/wpp\/wp-content\/uploads\/2025\/12\/4-ES-300x86.png 300w, https:\/\/newservicestihl.com\/wpp\/wp-content\/uploads\/2025\/12\/4-ES-768x219.png 768w\" sizes=\"(max-width: 580px) 100vw, 580px\" \/>\t\t\t\t\t\t\t\t<\/a>\n\t\t\t\t\t\t\t\t\t\t\t\t\t\t\t<\/div>\n\t\t\t\t<\/div>\n\t\t\t\t\t<\/div>\n\t\t<\/div>\n\t\t\t\t\t\t\t<\/div>\n\t\t<\/section>\n\t\t\t\t<section class=\"elementor-section elementor-top-section elementor-element elementor-element-ae4c61f elementor-section-full_width elementor-section-content-middle elementor-section-height-default elementor-section-height-default\" data-id=\"ae4c61f\" data-element_type=\"section\" data-settings=\"{&quot;background_background&quot;:&quot;classic&quot;}\">\n\t\t\t\t\t\t<div class=\"elementor-container elementor-column-gap-default\">\n\t\t\t\t\t<div class=\"elementor-column elementor-col-33 elementor-top-column elementor-element elementor-element-97c196f\" data-id=\"97c196f\" data-element_type=\"column\">\n\t\t\t<div class=\"elementor-widget-wrap elementor-element-populated\">\n\t\t\t\t\t\t\t\t<div class=\"elementor-element elementor-element-1775d3b elementor-widget elementor-widget-image\" data-id=\"1775d3b\" data-element_type=\"widget\" data-widget_type=\"image.default\">\n\t\t\t\t<div class=\"elementor-widget-container\">\n\t\t\t\t\t\t\t\t\t\t\t\t\t\t\t<img loading=\"lazy\" decoding=\"async\" width=\"580\" height=\"375\" src=\"https:\/\/newservicestihl.com\/wpp\/wp-content\/uploads\/2025\/12\/ed77Newperguntasmomento-1024x662.jpg\" class=\"attachment-large size-large wp-image-7543\" alt=\"\" srcset=\"https:\/\/newservicestihl.com\/wpp\/wp-content\/uploads\/2025\/12\/ed77Newperguntasmomento-1024x662.jpg 1024w, https:\/\/newservicestihl.com\/wpp\/wp-content\/uploads\/2025\/12\/ed77Newperguntasmomento-300x194.jpg 300w, https:\/\/newservicestihl.com\/wpp\/wp-content\/uploads\/2025\/12\/ed77Newperguntasmomento-768x497.jpg 768w, https:\/\/newservicestihl.com\/wpp\/wp-content\/uploads\/2025\/12\/ed77Newperguntasmomento.jpg 1113w\" sizes=\"(max-width: 580px) 100vw, 580px\" \/>\t\t\t\t\t\t\t\t\t\t\t\t\t\t\t<\/div>\n\t\t\t\t<\/div>\n\t\t\t\t\t<\/div>\n\t\t<\/div>\n\t\t\t\t<div class=\"elementor-column elementor-col-66 elementor-top-column elementor-element elementor-element-d0a3d0a\" data-id=\"d0a3d0a\" data-element_type=\"column\">\n\t\t\t<div class=\"elementor-widget-wrap elementor-element-populated\">\n\t\t\t\t\t\t\t\t<div class=\"elementor-element elementor-element-b12179e elementor-widget elementor-widget-heading\" data-id=\"b12179e\" data-element_type=\"widget\" data-widget_type=\"heading.default\">\n\t\t\t\t<div class=\"elementor-widget-container\">\n\t\t\t<h2 class=\"elementor-heading-title elementor-size-default\">\u00bfTIENES ALGUNA PREGUNTA? \u00a1CONT\u00c1CTANOS!<\/h2>\t\t<\/div>\n\t\t\t\t<\/div>\n\t\t\t\t<section class=\"elementor-section elementor-inner-section elementor-element elementor-element-d192a73 elementor-section-full_width elementor-section-height-default elementor-section-height-default\" data-id=\"d192a73\" data-element_type=\"section\">\n\t\t\t\t\t\t<div class=\"elementor-container elementor-column-gap-default\">\n\t\t\t\t\t<div class=\"elementor-column elementor-col-33 elementor-inner-column elementor-element elementor-element-c02d389\" data-id=\"c02d389\" data-element_type=\"column\">\n\t\t\t<div class=\"elementor-widget-wrap elementor-element-populated\">\n\t\t\t\t\t\t\t\t<div class=\"elementor-element elementor-element-b648ae9 elementor-widget elementor-widget-text-editor\" data-id=\"b648ae9\" data-element_type=\"widget\" data-widget_type=\"text-editor.default\">\n\t\t\t\t<div class=\"elementor-widget-container\">\n\t\t\t\t\t\t\t<p class=\"p1\"><strong>Lucciano Lescano<\/strong><\/p><p class=\"p1\"><strong>Luis Macri<\/strong><\/p>\t\t\t\t\t\t<\/div>\n\t\t\t\t<\/div>\n\t\t\t\t\t<\/div>\n\t\t<\/div>\n\t\t\t\t<div class=\"elementor-column elementor-col-33 elementor-inner-column elementor-element elementor-element-f26be34\" data-id=\"f26be34\" data-element_type=\"column\">\n\t\t\t<div class=\"elementor-widget-wrap elementor-element-populated\">\n\t\t\t\t\t\t\t\t<div class=\"elementor-element elementor-element-c9f46c4 elementor-widget elementor-widget-text-editor\" data-id=\"c9f46c4\" data-element_type=\"widget\" data-widget_type=\"text-editor.default\">\n\t\t\t\t<div class=\"elementor-widget-container\">\n\t\t\t\t\t\t\t<p class=\"p1\"><strong>+51 938 373 021<\/strong><\/p><p class=\"p1\"><strong>+54 11 7078 0840<\/strong><\/p>\t\t\t\t\t\t<\/div>\n\t\t\t\t<\/div>\n\t\t\t\t\t<\/div>\n\t\t<\/div>\n\t\t\t\t<div class=\"elementor-column elementor-col-33 elementor-inner-column elementor-element elementor-element-5498d1b\" data-id=\"5498d1b\" data-element_type=\"column\">\n\t\t\t<div class=\"elementor-widget-wrap elementor-element-populated\">\n\t\t\t\t\t\t\t\t<div class=\"elementor-element elementor-element-379960b elementor-widget elementor-widget-text-editor\" data-id=\"379960b\" data-element_type=\"widget\" data-widget_type=\"text-editor.default\">\n\t\t\t\t<div class=\"elementor-widget-container\">\n\t\t\t\t\t\t\t<p class=\"p1\"><strong><a href=\"mailto:lucciano.lescano@stihl.pe\">lucciano.lescano@stihl.pe<\/a><\/strong><\/p><p class=\"p1\"><strong><a href=\"mailto:luis.macri@stihl.com.ar\">luis.macri@stihl.com.ar<\/a><\/strong><\/p>\t\t\t\t\t\t<\/div>\n\t\t\t\t<\/div>\n\t\t\t\t\t<\/div>\n\t\t<\/div>\n\t\t\t\t\t\t\t<\/div>\n\t\t<\/section>\n\t\t\t\t\t<\/div>\n\t\t<\/div>\n\t\t\t\t\t\t\t<\/div>\n\t\t<\/section>\n\t\t\t\t\t\t\t<\/div>\n\t\t","protected":false},"excerpt":{"rendered":"<p>EN 2025, LAS SUBSIDIARIAS DE STIHL EN ARGENTINA Y PER\u00da CELEBRAN SUS ANIVERSARIOS N\u00daMERO 25 Y 5, RESPECTIVAMENTE. Celebrar fechas corporativas importantes es una oportunidad estrat\u00e9gica para reconocer logros, valorar a las personas e impulsar el futuro. Y eso fue exactamente lo que hicieron STIHL Argentina y STIHL Per\u00fa al completar 25 y 5 a\u00f1os [&hellip;]<\/p>\n","protected":false},"author":1,"featured_media":7550,"comment_status":"open","ping_status":"open","sticky":false,"template":"","format":"standard","meta":{"footnotes":""},"categories":[222],"tags":[33],"class_list":["post-7763","post","type-post","status-publish","format-standard","has-post-thumbnail","hentry","category-ns77-es","tag-momento"],"_links":{"self":[{"href":"https:\/\/newservicestihl.com\/wpp\/wp-json\/wp\/v2\/posts\/7763","targetHints":{"allow":["GET"]}}],"collection":[{"href":"https:\/\/newservicestihl.com\/wpp\/wp-json\/wp\/v2\/posts"}],"about":[{"href":"https:\/\/newservicestihl.com\/wpp\/wp-json\/wp\/v2\/types\/post"}],"author":[{"embeddable":true,"href":"https:\/\/newservicestihl.com\/wpp\/wp-json\/wp\/v2\/users\/1"}],"replies":[{"embeddable":true,"href":"https:\/\/newservicestihl.com\/wpp\/wp-json\/wp\/v2\/comments?post=7763"}],"version-history":[{"count":7,"href":"https:\/\/newservicestihl.com\/wpp\/wp-json\/wp\/v2\/posts\/7763\/revisions"}],"predecessor-version":[{"id":7783,"href":"https:\/\/newservicestihl.com\/wpp\/wp-json\/wp\/v2\/posts\/7763\/revisions\/7783"}],"wp:featuredmedia":[{"embeddable":true,"href":"https:\/\/newservicestihl.com\/wpp\/wp-json\/wp\/v2\/media\/7550"}],"wp:attachment":[{"href":"https:\/\/newservicestihl.com\/wpp\/wp-json\/wp\/v2\/media?parent=7763"}],"wp:term":[{"taxonomy":"category","embeddable":true,"href":"https:\/\/newservicestihl.com\/wpp\/wp-json\/wp\/v2\/categories?post=7763"},{"taxonomy":"post_tag","embeddable":true,"href":"https:\/\/newservicestihl.com\/wpp\/wp-json\/wp\/v2\/tags?post=7763"}],"curies":[{"name":"wp","href":"https:\/\/api.w.org\/{rel}","templated":true}]}}